{"id":37291,"date":"2022-01-07T08:30:18","date_gmt":"2022-01-07T11:30:18","guid":{"rendered":"http:\/\/www.sincomam.org.br\/?p=37291"},"modified":"2022-01-07T01:58:34","modified_gmt":"2022-01-07T04:58:34","slug":"porto-de-paranagua-prepara-corredor-leste-para-demanda-de-exportacao","status":"publish","type":"post","link":"https:\/\/www.sincomam.org.br\/index.php\/porto-de-paranagua-prepara-corredor-leste-para-demanda-de-exportacao\/","title":{"rendered":"Porto de Paranagu\u00e1 prepara corredor Leste para demanda de exporta\u00e7\u00e3o"},"content":{"rendered":"<p>O Corredor de Exporta\u00e7\u00e3o Leste do Porto de Paranagu\u00e1 (Corex) est\u00e1 em manuten\u00e7\u00e3o. Enquanto a nova safra de soja ainda n\u00e3o foi colhida, a outra ponta da cadeia log\u00edstica faz os ajustes e melhorias na estrutura e no sistema operacional para atender a demanda de escoamento que deve se intensificar a partir de mar\u00e7o.<\/p>\n<p>Segundo a Diretoria de Engenharia e Manuten\u00e7\u00e3o da Portos do Paran\u00e1, quatro empresas contratadas em licita\u00e7\u00f5es ainda no ano passado realizam as manuten\u00e7\u00f5es necess\u00e1rias para garantir efici\u00eancia e produtividade.<\/p>\n<p>\u201cIniciamos em novembro de 2021, pelo ber\u00e7o 212, e vamos finalizar agora no final de janeiro. Em dezembro fizemos os ajustes no 213. Atualmente, j\u00e1 estamos no ber\u00e7o 214, o \u00faltimo do corredor\u201d, afirma o diretor de Engenharia, Andr\u00e9 Cassanti Neto.<\/p>\n<p>S\u00e3o cerca de R$ 15 milh\u00f5es investidos em manuten\u00e7\u00e3o el\u00e9trica, de automa\u00e7\u00e3o e mec\u00e2nica em todas as seis linhas, shiploaders e subesta\u00e7\u00f5es, al\u00e9m dos servi\u00e7os que est\u00e3o sendo feitos nas moegas, tombadores e silos p\u00fablicos.<\/p>\n<p>A manuten\u00e7\u00e3o nesta \u00e9poca \u00e9 planejada ao longo de todo o ano e envolve contrata\u00e7\u00e3o de empresas terceirizadas, compra de material e outros fatores que exigem planejamento pr\u00e9vio.<\/p>\n<p>Apesar da queda registrada nas exporta\u00e7\u00f5es de gr\u00e3os e farelo pelos tr\u00eas ber\u00e7os do Corredor Leste, em compara\u00e7\u00e3o com o ano de 2020, em 2021 foram mais de 16,7 milh\u00f5es de toneladas de carga movimentada pelo complexo.<\/p>\n<p>Fonte: Portos e Navios<\/p>\n","protected":false},"excerpt":{"rendered":"<p>O Corredor de Exporta\u00e7\u00e3o Leste do Porto de Paranagu\u00e1 (Corex) est\u00e1 em manuten\u00e7\u00e3o. Enquanto a nova safra de soja ainda n\u00e3o foi colhida, a outra&#8230;<\/p>\n","protected":false},"author":1527,"featured_media":37292,"comment_status":"closed","ping_status":"closed","sticky":false,"template":"","format":"standard","meta":{"footnotes":""},"categories":[6],"tags":[],"class_list":["post-37291","post","type-post","status-publish","format-standard","has-post-thumbnail","hentry","category-noticias"],"_links":{"self":[{"href":"https:\/\/www.sincomam.org.br\/index.php\/wp-json\/wp\/v2\/posts\/37291","targetHints":{"allow":["GET"]}}],"collection":[{"href":"https:\/\/www.sincomam.org.br\/index.php\/wp-json\/wp\/v2\/posts"}],"about":[{"href":"https:\/\/www.sincomam.org.br\/index.php\/wp-json\/wp\/v2\/types\/post"}],"author":[{"embeddable":true,"href":"https:\/\/www.sincomam.org.br\/index.php\/wp-json\/wp\/v2\/users\/1527"}],"replies":[{"embeddable":true,"href":"https:\/\/www.sincomam.org.br\/index.php\/wp-json\/wp\/v2\/comments?post=37291"}],"version-history":[{"count":1,"href":"https:\/\/www.sincomam.org.br\/index.php\/wp-json\/wp\/v2\/posts\/37291\/revisions"}],"predecessor-version":[{"id":37293,"href":"https:\/\/www.sincomam.org.br\/index.php\/wp-json\/wp\/v2\/posts\/37291\/revisions\/37293"}],"wp:featuredmedia":[{"embeddable":true,"href":"https:\/\/www.sincomam.org.br\/index.php\/wp-json\/wp\/v2\/media\/37292"}],"wp:attachment":[{"href":"https:\/\/www.sincomam.org.br\/index.php\/wp-json\/wp\/v2\/media?parent=37291"}],"wp:term":[{"taxonomy":"category","embeddable":true,"href":"https:\/\/www.sincomam.org.br\/index.php\/wp-json\/wp\/v2\/categories?post=37291"},{"taxonomy":"post_tag","embeddable":true,"href":"https:\/\/www.sincomam.org.br\/index.php\/wp-json\/wp\/v2\/tags?post=37291"}],"curies":[{"name":"wp","href":"https:\/\/api.w.org\/{rel}","templated":true}]}}