{"id":37288,"date":"2022-01-07T08:30:54","date_gmt":"2022-01-07T11:30:54","guid":{"rendered":"http:\/\/www.sincomam.org.br\/?p=37288"},"modified":"2022-01-07T01:54:10","modified_gmt":"2022-01-07T04:54:10","slug":"aumento-de-casos-de-influenza-e-covid-em-tripulantes-leva-a-adiamento-de-ate-10-dos-voos","status":"publish","type":"post","link":"https:\/\/www.sincomam.org.br\/index.php\/aumento-de-casos-de-influenza-e-covid-em-tripulantes-leva-a-adiamento-de-ate-10-dos-voos\/","title":{"rendered":"Aumento de casos de influenza e Covid em tripulantes leva a adiamento de at\u00e9 10% dos voos"},"content":{"rendered":"<p>A alta nos casos de influenza e Covid-19 em tripulantes j\u00e1 tem afetado voos nas maiores companhias do pa\u00eds, embora ainda de maneira pontual. Pessoas familiarizadas com o assunto afirmam ao Globo que o \u00edndice de voos que precisaram ser reprogramados \u00e9 de menos de 10% na Azul e de 2% na Latam Brasil.<\/p>\n<p>O Minist\u00e9rio da Sa\u00fade estuda alterar at\u00e9 esta sexta o protocolo que determina o isolamento social de 14 dias aos infectados por coronav\u00edrus, conforme antecipou a coluna Capital. As mudan\u00e7as s\u00f3 seriam aplicadas aos casos assintom\u00e1ticos da doen\u00e7a e tamb\u00e9m influenciariam os voos.<\/p>\n<p>Apesar de o maior n\u00famero de infec\u00e7\u00f5es, at\u00e9 o momento a Ag\u00eancia Nacional de Avia\u00e7\u00e3o Civil (Anac) n\u00e3o recebeu a notifica\u00e7\u00e3o de interna\u00e7\u00e3o de pilotos e comiss\u00e1rios at\u00e9 o momento. As companhias n\u00e3o s\u00e3o obrigadas a fazer a notifica\u00e7\u00e3o, mas h\u00e1 comunica\u00e7\u00e3o constante entre as empresas e os \u00f3rg\u00e3os reguladores.<\/p>\n<p>O n\u00famero de voos afetados ainda \u00e9 considerado baixo pelas empresas e pela ag\u00eancia, mas h\u00e1 o receio de que nas pr\u00f3ximas semanas o quadro piore devido \u00e0 escalada de casos da variante \u00d4micron do coronav\u00edrus, considerada mais transmiss\u00edvel, e ao surto de gripe. Hoje, tripulantes infectados s\u00e3o afastados por ao menos 14 dias. Como no caso da avia\u00e7\u00e3o civil, o contingente reserva de pilotos \u00e9 reduzido, a licen\u00e7a m\u00e9dica massiva de profissionais tem o potencial de impactar as opera\u00e7\u00f5es.<\/p>\n<p>As companhias a\u00e9reas confirmam o aumento do n\u00famero de infec\u00e7\u00f5es, mas n\u00e3o revelam o n\u00famero de tripulantes afastados e afirmam que n\u00e3o h\u00e1 impacto relevante nos voos.<\/p>\n<p>Segundo pessoas familiarizadas com o assunto, o impacto at\u00e9 o momento \u00e9 maior na Azul porque a companhia tem realizado mais voos e tem diferentes tipos de avi\u00f5es na frota, inclusive de menor porte para deslocamentos com menor demanda. Como os pilotos precisam de treinamentos espec\u00edficos para voar em um determinado modelo de aeronave, as substitui\u00e7\u00f5es de profissionais em frotas com v\u00e1rios modelos n\u00e3o s\u00e3o triviais.<\/p>\n<p>Para minimizar os eventuais impactos da alta de infec\u00e7\u00f5es, a Anac tem orientado as companhias a cancelarem voos mais curtos e com menor demanda, que podem ser feitos via terrestre, por exemplo, de acordo com uma fonte a par do assunto. Outras recomenda\u00e7\u00f5es t\u00eam sido aumentar o banco de horas dos tripulantes em caso de conting\u00eancias e contrata\u00e7\u00e3o emergencial de comiss\u00e1rios.<\/p>\n<p>Em nota, a Azul afirma que \u201cpor raz\u00f5es operacionais, alguns de seus voos do m\u00eas de janeiro est\u00e3o sendo reprogramados\u201d e que \u201cregistrou um aumento no n\u00famero de dispensas m\u00e9dicas entre seus tripulantes \u2013 casos esses que, em sua totalidade, apresentaram um quadro com sintomas leves\u201d.<\/p>\n<p>\u201c\u00c9 importante ressaltar que mais de 90% das opera\u00e7\u00f5es da companhia est\u00e3o funcionando normalmente e que os clientes impactados est\u00e3o sendo notificados das altera\u00e7\u00f5es, reacomodados em outros voos da pr\u00f3pria companhia e recebendo toda a assist\u00eancia necess\u00e1ria conforme prev\u00ea a resolu\u00e7\u00e3o 400 da Anac\u201d, diz a empresa.<\/p>\n<p>A companhia orienta os passageiros que fa\u00e7am o check-in pelo aplicativo e, para aqueles que precisam despachar a bagagem, sugere o uso das bancadas digitais de autoatendimento.<\/p>\n<p>A Latam Brasil afirmou que \u201cpor enquanto, ainda n\u00e3o foi necess\u00e1rio alterar seus voos diante do aumento no n\u00famero de casos de Covid e de Influenza na popula\u00e7\u00e3o brasileira\u201d.<\/p>\n<p>J\u00e1 a Gol disse, tamb\u00e9m em nota, que \u201caumentou o alerta\u201d para equipes que atuam nos aeroportos e em voos em meio \u00e0 alta do n\u00famero de casos de Covis e Influenza.<\/p>\n<p>\u201cHouve nos \u00faltimos dias um aumento dos casos positivos entre colaboradores, mas nenhum voo foi cancelado ou sofreu altera\u00e7\u00e3o significativa por este motivo. Os funcion\u00e1rios que apresentam resultado positivo est\u00e3o sendo afastados das fun\u00e7\u00f5es para se recuperarem em casa com seguran\u00e7a\u201d, afirma a companhia.<\/p>\n<p>Em nota, a Anac informa que est\u00e1 &#8220;monitorando os casos de doen\u00e7as respirat\u00f3rias causadas em pilotos, comiss\u00e1rios e demais profissionais do setor a\u00e9reo&#8221; e que mant\u00e9m contato com representantes das companhias a\u00e9reas, aeroportos, concession\u00e1rias, Empresas de Servi\u00e7os Auxiliares de Transporte A\u00e9reo (ESATAs) e \u00f3rg\u00e3os de controle sanit\u00e1rio e de sa\u00fade.<\/p>\n<p>Ainda segundo a Anac, o passageiro que tiver o voo atrasado ou cancelado ter\u00e1 direito \u00e0 presta\u00e7\u00e3o de assist\u00eancia pelas companhias a\u00e9reas, conforme prev\u00ea a Resolu\u00e7\u00e3o 400\/2016.<\/p>\n<p>Fonte: O Globo<\/p>\n","protected":false},"excerpt":{"rendered":"<p>A alta nos casos de influenza e Covid-19 em tripulantes j\u00e1 tem afetado voos nas maiores companhias do pa\u00eds, embora ainda de maneira pontual. Pessoas&#8230;<\/p>\n","protected":false},"author":1527,"featured_media":37289,"comment_status":"closed","ping_status":"closed","sticky":false,"template":"","format":"standard","meta":{"footnotes":""},"categories":[6],"tags":[],"class_list":["post-37288","post","type-post","status-publish","format-standard","has-post-thumbnail","hentry","category-noticias"],"_links":{"self":[{"href":"https:\/\/www.sincomam.org.br\/index.php\/wp-json\/wp\/v2\/posts\/37288","targetHints":{"allow":["GET"]}}],"collection":[{"href":"https:\/\/www.sincomam.org.br\/index.php\/wp-json\/wp\/v2\/posts"}],"about":[{"href":"https:\/\/www.sincomam.org.br\/index.php\/wp-json\/wp\/v2\/types\/post"}],"author":[{"embeddable":true,"href":"https:\/\/www.sincomam.org.br\/index.php\/wp-json\/wp\/v2\/users\/1527"}],"replies":[{"embeddable":true,"href":"https:\/\/www.sincomam.org.br\/index.php\/wp-json\/wp\/v2\/comments?post=37288"}],"version-history":[{"count":1,"href":"https:\/\/www.sincomam.org.br\/index.php\/wp-json\/wp\/v2\/posts\/37288\/revisions"}],"predecessor-version":[{"id":37290,"href":"https:\/\/www.sincomam.org.br\/index.php\/wp-json\/wp\/v2\/posts\/37288\/revisions\/37290"}],"wp:featuredmedia":[{"embeddable":true,"href":"https:\/\/www.sincomam.org.br\/index.php\/wp-json\/wp\/v2\/media\/37289"}],"wp:attachment":[{"href":"https:\/\/www.sincomam.org.br\/index.php\/wp-json\/wp\/v2\/media?parent=37288"}],"wp:term":[{"taxonomy":"category","embeddable":true,"href":"https:\/\/www.sincomam.org.br\/index.php\/wp-json\/wp\/v2\/categories?post=37288"},{"taxonomy":"post_tag","embeddable":true,"href":"https:\/\/www.sincomam.org.br\/index.php\/wp-json\/wp\/v2\/tags?post=37288"}],"curies":[{"name":"wp","href":"https:\/\/api.w.org\/{rel}","templated":true}]}}