{"id":37285,"date":"2022-01-07T08:30:13","date_gmt":"2022-01-07T11:30:13","guid":{"rendered":"http:\/\/www.sincomam.org.br\/?p=37285"},"modified":"2022-01-07T01:45:13","modified_gmt":"2022-01-07T04:45:13","slug":"brasil-registra-maior-numero-de-casos-de-covid-em-24-horas-desde-setembro-457-mil","status":"publish","type":"post","link":"https:\/\/www.sincomam.org.br\/index.php\/brasil-registra-maior-numero-de-casos-de-covid-em-24-horas-desde-setembro-457-mil\/","title":{"rendered":"Brasil registra maior n\u00famero de casos de Covid em 24 horas desde setembro: 45,7 mil"},"content":{"rendered":"<p>O Brasil registrou 171 mortes pela Covid-19 nas \u00faltimas 24 horas e totalizou nesta quinta-feira (6) 619.730 \u00f3bitos desde o in\u00edcio da pandemia. Com isso, a m\u00e9dia m\u00f3vel de mortes nos \u00faltimos 7 dias chegou a 101, voltando a ficar acima de 100 ap\u00f3s 6 dias. Em compara\u00e7\u00e3o \u00e0 m\u00e9dia de 14 dias atr\u00e1s, a varia\u00e7\u00e3o foi de -10%, indicando tend\u00eancia de estabilidade nos \u00f3bitos decorrentes da doen\u00e7a.<\/p>\n<p>Quatro estados n\u00e3o tiveram registro de morte no dia: AC, AL, AP e RR.<\/p>\n<p>S\u00e3o 22.395.322 casos registrados desde a chegada do v\u00edrus ao pa\u00eds, sendo 45.717 deles nas \u00faltimas 24 horas &#8211;o maior registro desde 18 de setembro de 2021 (quando superou 125 mil devido a dados acumulados do RJ). J\u00e1 a m\u00e9dia m\u00f3vel de casos subiu para 17.100. (a maior desde 6 de outubro de 2021, quando estava em 17.102). O aumento foi de 477% na compara\u00e7\u00e3o com duas semanas atr\u00e1s.<\/p>\n<p>Em seu pior momento, a curva da m\u00e9dia m\u00f3vel nacional de casos chegou \u00e0 marca de 77.295 novos casos di\u00e1rios, no dia 23 de junho de 2021.<\/p>\n<p>Especialistas acreditam que o aumento de casos visto nos \u00faltimas dias \u00e9 resultado de uma combina\u00e7\u00e3o: dos dados que ficaram represados por conta da instabilidade do sistema de notifica\u00e7\u00f5es do Minist\u00e9rio da Sa\u00fade e da dissemina\u00e7\u00e3o da variante \u00f4micron.<\/p>\n<p>O dado que mais chama aten\u00e7\u00e3o nesta quinta \u00e9 o de diagn\u00f3sticos registrados no Piau\u00ed em 24 horas. Foram mais de 9,6 mil, o maior da s\u00e9rie hist\u00f3rica do estado (e mais de 3 vezes o recorde anterior, de 2.915, registrado em abril de 2021). A secretaria explicou que o n\u00famero \u00e9 referente a casos represados desde o come\u00e7o de dezembro, resultado da instabilidade no sistema do minist\u00e9rio.<\/p>\n<p>Os n\u00fameros est\u00e3o no novo levantamento do cons\u00f3rcio de ve\u00edculos de imprensa sobre a situa\u00e7\u00e3o da pandemia de coronav\u00edrus no Brasil, consolidados \u00e0s 20h. O balan\u00e7o \u00e9 feito a partir de dados das secretarias estaduais de Sa\u00fade.<\/p>\n<p>Fonte: G1<\/p>\n","protected":false},"excerpt":{"rendered":"<p>O Brasil registrou 171 mortes pela Covid-19 nas \u00faltimas 24 horas e totalizou nesta quinta-feira (6) 619.730 \u00f3bitos desde o in\u00edcio da pandemia. Com isso,&#8230;<\/p>\n","protected":false},"author":1527,"featured_media":28525,"comment_status":"closed","ping_status":"closed","sticky":false,"template":"","format":"standard","meta":{"footnotes":""},"categories":[6],"tags":[],"class_list":["post-37285","post","type-post","status-publish","format-standard","has-post-thumbnail","hentry","category-noticias"],"_links":{"self":[{"href":"https:\/\/www.sincomam.org.br\/index.php\/wp-json\/wp\/v2\/posts\/37285","targetHints":{"allow":["GET"]}}],"collection":[{"href":"https:\/\/www.sincomam.org.br\/index.php\/wp-json\/wp\/v2\/posts"}],"about":[{"href":"https:\/\/www.sincomam.org.br\/index.php\/wp-json\/wp\/v2\/types\/post"}],"author":[{"embeddable":true,"href":"https:\/\/www.sincomam.org.br\/index.php\/wp-json\/wp\/v2\/users\/1527"}],"replies":[{"embeddable":true,"href":"https:\/\/www.sincomam.org.br\/index.php\/wp-json\/wp\/v2\/comments?post=37285"}],"version-history":[{"count":1,"href":"https:\/\/www.sincomam.org.br\/index.php\/wp-json\/wp\/v2\/posts\/37285\/revisions"}],"predecessor-version":[{"id":37286,"href":"https:\/\/www.sincomam.org.br\/index.php\/wp-json\/wp\/v2\/posts\/37285\/revisions\/37286"}],"wp:featuredmedia":[{"embeddable":true,"href":"https:\/\/www.sincomam.org.br\/index.php\/wp-json\/wp\/v2\/media\/28525"}],"wp:attachment":[{"href":"https:\/\/www.sincomam.org.br\/index.php\/wp-json\/wp\/v2\/media?parent=37285"}],"wp:term":[{"taxonomy":"category","embeddable":true,"href":"https:\/\/www.sincomam.org.br\/index.php\/wp-json\/wp\/v2\/categories?post=37285"},{"taxonomy":"post_tag","embeddable":true,"href":"https:\/\/www.sincomam.org.br\/index.php\/wp-json\/wp\/v2\/tags?post=37285"}],"curies":[{"name":"wp","href":"https:\/\/api.w.org\/{rel}","templated":true}]}}