{"id":37282,"date":"2022-01-07T08:38:28","date_gmt":"2022-01-07T11:38:28","guid":{"rendered":"http:\/\/www.sincomam.org.br\/?p=37282"},"modified":"2022-01-07T01:40:03","modified_gmt":"2022-01-07T04:40:03","slug":"nova-fabrica-especializada-na-construcao-de-embarcacoes-sera-instalada-na-paraiba","status":"publish","type":"post","link":"https:\/\/www.sincomam.org.br\/index.php\/nova-fabrica-especializada-na-construcao-de-embarcacoes-sera-instalada-na-paraiba\/","title":{"rendered":"NOVA F\u00c1BRICA ESPECIALIZADA NA CONSTRU\u00c7\u00c3O DE EMBARCA\u00c7\u00d5ES SER\u00c1 INSTALADA NA PARA\u00cdBA"},"content":{"rendered":"<p>O governador do estado da Para\u00edba assinou, no in\u00edcio da semana, um protocolo de inten\u00e7\u00f5es para implanta\u00e7\u00e3o de uma nova f\u00e1brica especializada na constru\u00e7\u00e3o de embarca\u00e7\u00f5es com o grupo island\u00eas Lodna EHF. O empreendimento receber\u00e1 investimentos iniciais de R$ 11,7 milh\u00f5es e ir\u00e1 gerar 150 empregos diretos, dando prioridade \u00e0 contrata\u00e7\u00e3o de m\u00e3o de obra local.<\/p>\n<p>Durante videoconfer\u00eancia com dirigentes do grupo island\u00eas Lodna EHF e o governador da Para\u00edba, o protocolo de inten\u00e7\u00f5es foi assinado para implanta\u00e7\u00e3o de uma unidade industrial destinada \u00e0 fabrica\u00e7\u00e3o e manuten\u00e7\u00e3o de embarca\u00e7\u00f5es de uso comercial, de esporte e lazer no munic\u00edpio de Lucena, no Litoral Norte da Para\u00edba. A f\u00e1brica receber\u00e1 investimentos iniciais de R$11,7 milh\u00f5es e ir\u00e1 gerar 150 empregos diretos, dando prioridade \u00e0 contrata\u00e7\u00e3o de m\u00e3o de obra local. A empresa dever\u00e1 entrar em opera\u00e7\u00e3o em at\u00e9 18 meses e sua previs\u00e3o de faturamento \u00e9 de R$ 17,7 milh\u00f5es.<\/p>\n<p>Na ocasi\u00e3o, o chefe do Executivo estadual destacou a capacidade da Para\u00edba de atrair novos empreendimentos que asseguram a gera\u00e7\u00e3o de novos postos de trabalho e o fortalecimento da economia estadual. \u201cN\u00f3s oferecemos um ambiente favor\u00e1vel de neg\u00f3cios, honramos nossos compromissos e estamos prontos para iniciarmos, a partir desse protocolo de inten\u00e7\u00f5es para a constru\u00e7\u00e3o da f\u00e1brica, uma parceria com a Isl\u00e2ndia para que mais empresas se instalem no nosso estado e que tenham muito sucesso\u201d, frisou.<\/p>\n<p>ATRA\u00c7\u00c3O DE NOVOS INVESTIMENTOS PARA A PARA\u00cdBA<br \/>\nO diretor presidente da Companhia de Desenvolvimento da Para\u00edba (Cinep), R\u00f4mulo Polari Filho, ressaltou o trabalho para atender as expectativas dos investidores para a instala\u00e7\u00e3o da nova f\u00e1brica e apresentar as potencialidades do estado a partir das voca\u00e7\u00f5es econ\u00f4micas de cada regi\u00e3o.<\/p>\n<p>\u201cNo caso da Lodna EHF, direcionamos o empreendimento para o munic\u00edpio de Lucena devido \u00e0 proximidade do Litoral, aspecto essencial para os testes navais. O Governo do Estado, cumprindo o seu papel na atra\u00e7\u00e3o de investimentos, realiza uma s\u00e9rie de etapas, desde a divulga\u00e7\u00e3o das oportunidades, prospec\u00e7\u00e3o de investidores, suporte no processo de nacionaliza\u00e7\u00e3o da empresa e a territorializa\u00e7\u00e3o do projeto para oferecer aos empres\u00e1rios, sejam eles nacionais ou internacionais, a melhor regi\u00e3o para o seu neg\u00f3cio\u201d, afirmou.<\/p>\n<p>O representante da Lodna EHF no Brasil, Marcelo Pereira, enfatizou que a empresa ir\u00e1 utilizar uma tecnologia avan\u00e7ada na f\u00e1brica na constru\u00e7\u00e3o de seus produtos que atender\u00e3o os mercados nacional e internacional. Segundo ele a produ\u00e7\u00e3o atender\u00e1 os n\u00edveis mais exigentes de qualidade, passando pelo crivo de comunidades europeias e espera que esse empreendimento possa abrir as portas entre o Brasil e a Isl\u00e2ndia porque se trata de algo concreto e que pode desenvolver v\u00e1rias a\u00e7\u00f5es em diversas \u00e1reas econ\u00f4micas.<\/p>\n<p>Fonte: Naval Porto Estaleiro<\/p>\n","protected":false},"excerpt":{"rendered":"<p>O governador do estado da Para\u00edba assinou, no in\u00edcio da semana, um protocolo de inten\u00e7\u00f5es para implanta\u00e7\u00e3o de uma nova f\u00e1brica especializada na constru\u00e7\u00e3o de&#8230;<\/p>\n","protected":false},"author":1527,"featured_media":37283,"comment_status":"closed","ping_status":"closed","sticky":false,"template":"","format":"standard","meta":{"footnotes":""},"categories":[6],"tags":[],"class_list":["post-37282","post","type-post","status-publish","format-standard","has-post-thumbnail","hentry","category-noticias"],"_links":{"self":[{"href":"https:\/\/www.sincomam.org.br\/index.php\/wp-json\/wp\/v2\/posts\/37282","targetHints":{"allow":["GET"]}}],"collection":[{"href":"https:\/\/www.sincomam.org.br\/index.php\/wp-json\/wp\/v2\/posts"}],"about":[{"href":"https:\/\/www.sincomam.org.br\/index.php\/wp-json\/wp\/v2\/types\/post"}],"author":[{"embeddable":true,"href":"https:\/\/www.sincomam.org.br\/index.php\/wp-json\/wp\/v2\/users\/1527"}],"replies":[{"embeddable":true,"href":"https:\/\/www.sincomam.org.br\/index.php\/wp-json\/wp\/v2\/comments?post=37282"}],"version-history":[{"count":1,"href":"https:\/\/www.sincomam.org.br\/index.php\/wp-json\/wp\/v2\/posts\/37282\/revisions"}],"predecessor-version":[{"id":37284,"href":"https:\/\/www.sincomam.org.br\/index.php\/wp-json\/wp\/v2\/posts\/37282\/revisions\/37284"}],"wp:featuredmedia":[{"embeddable":true,"href":"https:\/\/www.sincomam.org.br\/index.php\/wp-json\/wp\/v2\/media\/37283"}],"wp:attachment":[{"href":"https:\/\/www.sincomam.org.br\/index.php\/wp-json\/wp\/v2\/media?parent=37282"}],"wp:term":[{"taxonomy":"category","embeddable":true,"href":"https:\/\/www.sincomam.org.br\/index.php\/wp-json\/wp\/v2\/categories?post=37282"},{"taxonomy":"post_tag","embeddable":true,"href":"https:\/\/www.sincomam.org.br\/index.php\/wp-json\/wp\/v2\/tags?post=37282"}],"curies":[{"name":"wp","href":"https:\/\/api.w.org\/{rel}","templated":true}]}}