{"id":37273,"date":"2022-01-06T08:34:38","date_gmt":"2022-01-06T11:34:38","guid":{"rendered":"http:\/\/www.sincomam.org.br\/?p=37273"},"modified":"2022-01-06T03:42:15","modified_gmt":"2022-01-06T06:42:15","slug":"comercio-exterior-brasileiro-bate-recorde-de-corrente-superavit-e-exportacoes-em-2021","status":"publish","type":"post","link":"https:\/\/www.sincomam.org.br\/index.php\/comercio-exterior-brasileiro-bate-recorde-de-corrente-superavit-e-exportacoes-em-2021\/","title":{"rendered":"COM\u00c9RCIO EXTERIOR BRASILEIRO BATE RECORDE DE CORRENTE, SUPER\u00c1VIT E EXPORTA\u00c7\u00d5ES EM 2021"},"content":{"rendered":"<p>Os n\u00fameros do com\u00e9rcio exterior brasileiro fecharam o ano de 2021 apontando uma corrente de com\u00e9rcio (soma de exporta\u00e7\u00f5es e importa\u00e7\u00f5es) recorde de US$ 499,8 bilh\u00f5es e saldo com super\u00e1vit \u2013 tamb\u00e9m recorde \u2013 de US$ 61 bilh\u00f5es. Segundo dados da Secretaria de Com\u00e9rcio Exterior (Secex) do Minist\u00e9rio da Economia, divulgados nesta segunda-feira (3\/1), houve recorde nas exporta\u00e7\u00f5es, com US$ 280,4 bilh\u00f5es, enquanto as importa\u00e7\u00f5es chegaram a US$ 219,4 bilh\u00f5es, no quinto melhor resultado da s\u00e9rie hist\u00f3rica, iniciada em 1989.<\/p>\n<p>A corrente de com\u00e9rcio cresceu 35,8% em rela\u00e7\u00e3o ao ano anterior e superou o recorde de US$ 481,6 bilh\u00f5es de 2011. O saldo comercial subiu 21,1% em rela\u00e7\u00e3o ao de 2020 e ficou acima do recorde de US$ 56 bilh\u00f5es de 2017. Nas exporta\u00e7\u00f5es, o aumento foi de 34% em rela\u00e7\u00e3o ao ano anterior, deixando para tr\u00e1s o recorde de US$ 253,7 bilh\u00f5es de 2011. J\u00e1 as importa\u00e7\u00f5es subiram 38,2% em rela\u00e7\u00e3o a 2020 e tiveram o maior resultado desde 2014, quando ficaram em US$ 230,8 bilh\u00f5es. O recorde de valor importado foi o de 2013, de US$ 241,5 bilh\u00f5es.<\/p>\n<p>O secret\u00e1rio de Com\u00e9rcio Exterior, Lucas Ferraz, destacou a recupera\u00e7\u00e3o da economia mundial como resultado do aumento da cobertura vacinal e de est\u00edmulos fiscais \u2013 fatores que influenciaram o desempenho da balan\u00e7a brasileira. Essa recupera\u00e7\u00e3o da demanda foi acompanhada de gargalos de oferta em v\u00e1rios setores, pressionando os pre\u00e7os de v\u00e1rias commodities.<\/p>\n<p>Neste cen\u00e1rio de pre\u00e7os mais altos de commodities, de acordo com Ferraz, pa\u00edses como o Brasil tiveram suas exporta\u00e7\u00f5es impulsionadas em n\u00edvel recorde, com ganhos de bem-estar provenientes da melhora dos termos de troca. \u201cIsso quer dizer que o pre\u00e7o m\u00e9dio das nossas exporta\u00e7\u00f5es cresceu mais do que o pre\u00e7o m\u00e9dio das importa\u00e7\u00f5es\u201d, explicou.<\/p>\n<p><strong>Exporta\u00e7\u00f5es<\/strong><\/p>\n<p>Da parte das exporta\u00e7\u00f5es, a Secex registrou o crescimento de pre\u00e7os (+28,3%) e de quantidades exportadas (+3,5%). As vendas externas aumentaram principalmente para os Estados Unidos (+44,9%), Mercosul (+37%), Associa\u00e7\u00e3o de Na\u00e7\u00f5es do Sudeste Asi\u00e1tico\/Asean (+36,8%), Uni\u00e3o Europeia (+32,1%) e China (+28%).<\/p>\n<p>Lucas Ferraz salientou que o crescimento das exporta\u00e7\u00f5es de 2021 foi mais disseminado entre os destinos na compara\u00e7\u00e3o com 2020, quando a recupera\u00e7\u00e3o da demanda mundial ficou muito concentrada na \u00c1sia, sobretudo na China. \u201cEm 2020, n\u00f3s tivemos uma concentra\u00e7\u00e3o maior da nossa pauta comercial com o continente asi\u00e1tico. Em 2021, a gente observa uma diversifica\u00e7\u00e3o maior, em fun\u00e7\u00e3o de uma recupera\u00e7\u00e3o econ\u00f4mica mais homog\u00eanea\u201d, avaliou.<\/p>\n<p>\u201cEm 2020, n\u00f3s tivemos uma concentra\u00e7\u00e3o maior da nossa pauta comercial com o continente asi\u00e1tico. Em 2021, a gente observa uma diversifica\u00e7\u00e3o maior, em fun\u00e7\u00e3o de uma recupera\u00e7\u00e3o econ\u00f4mica mais homog\u00eanea\u201d, diz Lucas Ferraz<\/p>\n<p>Entre os setores, houve aumento de 26,3% da exporta\u00e7\u00e3o de bens da Ind\u00fastria de Transforma\u00e7\u00e3o, com destaque para a\u00e7o semiacabado (+101,3%), \u00f3leos combust\u00edveis (+43,7%), ferro gusa (+36%), m\u00e1quinas e equipamentos para engenharia e constru\u00e7\u00e3o (+63,7%) e autom\u00f3veis de passageiros (+20,8%). Na Ind\u00fastria Extrativa, o crescimento das exporta\u00e7\u00f5es foi de 62,4%, impulsionado por min\u00e9rio de ferro (+72,9%) e petr\u00f3leo (+54,3%). J\u00e1 as vendas dos produtos agropecu\u00e1rios tiveram 22,2% de crescimento, principalmente com a soja (+35,3%).<\/p>\n<p><strong>Importa\u00e7\u00e3o<\/strong><\/p>\n<p>Nas importa\u00e7\u00f5es, tamb\u00e9m houve crescimento de pre\u00e7os (+14,2%) e quantidades compradas (+21,8%). O pa\u00eds comprou mais, principalmente, do Mercosul (+44,7%), Estados Unidos (+41,3%), China (+36,7%), Asean (+31,1%) e Uni\u00e3o Europeia (+26,2%).<\/p>\n<p>A Secex contabilizou aumento de 45,7% na demanda por insumos e produtos intermedi\u00e1rios, como insumos agr\u00edcolas, eletroeletr\u00f4nicos e petroqu\u00edmicos, entre outros. Em rela\u00e7\u00e3o a 2020, tamb\u00e9m aumentaram as importa\u00e7\u00f5es de medicamentos (+77,1%) \u2013 especificamente vacinas \u2013 e de combust\u00edveis (+87,1%) e energia el\u00e9trica (+89%).<\/p>\n<p>Esse aumento das importa\u00e7\u00f5es impactou o saldo final do ano, que ficou abaixo da \u00faltima estimativa feita pela Secex \u2013 na casa dos US$ 70,9 bilh\u00f5es \u2013, mas foi considerado positivo. \u201cO que houve foi uma surpresa positiva em rela\u00e7\u00e3o \u00e0s importa\u00e7\u00f5es\u201d, declarou Lucas Ferraz. E completou: \u201cIsso naturalmente est\u00e1 correlacionado com a nossa recupera\u00e7\u00e3o econ\u00f4mica e, eventualmente, com alguma sazonalidade\u201d. A acelera\u00e7\u00e3o dos pre\u00e7os dos bens importado tamb\u00e9m contribuiu para este aumento do valor das compras externas.<\/p>\n<p><strong>Recordes em dezembro<\/strong><\/p>\n<p>Considerando apenas o m\u00eas de dezembro, comparado a igual m\u00eas do ano anterior, as exporta\u00e7\u00f5es cresceram 26,3% e somaram US$ 24,37 bilh\u00f5es. As importa\u00e7\u00f5es subiram 24% e totalizaram US$ 20,42 bilh\u00f5es. \u201cEsse valor (da corrente de com\u00e9rcio) \u00e9 recorde para meses de dezembro, assim como o valor de exporta\u00e7\u00e3o e importa\u00e7\u00e3o\u201d, Herlon Brand\u00e3o<\/p>\n<p>Assim, a balan\u00e7a comercial registrou super\u00e1vit de US$ 3,95 bilh\u00f5es, com crescimento de 39,7%, e a corrente de com\u00e9rcio aumentou 25,3%, alcan\u00e7ando US$ 44,78 bilh\u00f5es. \u201cEsse valor (da corrente de com\u00e9rcio) \u00e9 recorde para meses de dezembro, assim como o valor de exporta\u00e7\u00e3o e importa\u00e7\u00e3o\u201d, frisou o subsecret\u00e1rio de Intelig\u00eancia e Estat\u00edsticas de Com\u00e9rcio Exterior, Herlon Brand\u00e3o.<\/p>\n<p><strong>Previs\u00e3o para 2022<\/strong><\/p>\n<p>A Secex tamb\u00e9m divulgou nesta segunda-feira a primeira previs\u00e3o para os resultados do com\u00e9rcio exterior em 2022. A estimativa inicial \u00e9 de exporta\u00e7\u00e3o de US$ 284,3 bilh\u00f5es, em alta de 1,4% em rela\u00e7\u00e3o a 2021, com importa\u00e7\u00f5es chegando a US$ 204,9 bilh\u00f5es, recuando 6,6% sobre o ano passado.<\/p>\n<p>Dessa forma, a corrente de com\u00e9rcio prevista \u00e9 de US$ 489,2 bilh\u00f5es, com redu\u00e7\u00e3o de 2,1%, enquanto o saldo pode chegar a US$ 79,4 bilh\u00f5es, crescendo 30,1%. \u201cEssas s\u00e3o previs\u00f5es ainda preliminares\u201d, enfatizou o secret\u00e1rio de Com\u00e9rcio Exterior, alertando que \u201ch\u00e1 uma incerteza grande\u201d em rela\u00e7\u00e3o \u00e0s proje\u00e7\u00f5es e que as atualiza\u00e7\u00f5es ser\u00e3o feitas a cada tr\u00eas meses.<\/p>\n<p>Segundo Lucas Ferraz, em 2022 a economia global e a brasileira convergem para o equil\u00edbrio de longo prazo, com \u201ctaxas de crescimento menos exorbitantes\u201d. Com uma previs\u00e3o de crescimento mais moderado para a economia brasileira em rela\u00e7\u00e3o ao do ano anterior, ele considera natural que o valor importado seja menor neste ano, o que reduz tamb\u00e9m a corrente de com\u00e9rcio.<\/p>\n<p>\u201c\u00c9 o indicador principal, que est\u00e1 correlacionado com produtividade, e nosso objetivo maior \u00e9 concluir o mandato do presidente Jair Bolsonaro com a corrente de com\u00e9rcio acima da corrente de com\u00e9rcio que n\u00f3s encontramos no primeiro ano de governo, em 2019\u201d, apontou, lembrando que o valor naquele ano foi de US$ 407 bilh\u00f5es.<\/p>\n<p>Fonte: Informativo dos Portos<\/p>\n","protected":false},"excerpt":{"rendered":"<p>Os n\u00fameros do com\u00e9rcio exterior brasileiro fecharam o ano de 2021 apontando uma corrente de com\u00e9rcio (soma de exporta\u00e7\u00f5es e importa\u00e7\u00f5es) recorde de US$ 499,8&#8230;<\/p>\n","protected":false},"author":1527,"featured_media":37142,"comment_status":"closed","ping_status":"closed","sticky":false,"template":"","format":"standard","meta":{"footnotes":""},"categories":[6],"tags":[],"class_list":["post-37273","post","type-post","status-publish","format-standard","has-post-thumbnail","hentry","category-noticias"],"_links":{"self":[{"href":"https:\/\/www.sincomam.org.br\/index.php\/wp-json\/wp\/v2\/posts\/37273","targetHints":{"allow":["GET"]}}],"collection":[{"href":"https:\/\/www.sincomam.org.br\/index.php\/wp-json\/wp\/v2\/posts"}],"about":[{"href":"https:\/\/www.sincomam.org.br\/index.php\/wp-json\/wp\/v2\/types\/post"}],"author":[{"embeddable":true,"href":"https:\/\/www.sincomam.org.br\/index.php\/wp-json\/wp\/v2\/users\/1527"}],"replies":[{"embeddable":true,"href":"https:\/\/www.sincomam.org.br\/index.php\/wp-json\/wp\/v2\/comments?post=37273"}],"version-history":[{"count":1,"href":"https:\/\/www.sincomam.org.br\/index.php\/wp-json\/wp\/v2\/posts\/37273\/revisions"}],"predecessor-version":[{"id":37274,"href":"https:\/\/www.sincomam.org.br\/index.php\/wp-json\/wp\/v2\/posts\/37273\/revisions\/37274"}],"wp:featuredmedia":[{"embeddable":true,"href":"https:\/\/www.sincomam.org.br\/index.php\/wp-json\/wp\/v2\/media\/37142"}],"wp:attachment":[{"href":"https:\/\/www.sincomam.org.br\/index.php\/wp-json\/wp\/v2\/media?parent=37273"}],"wp:term":[{"taxonomy":"category","embeddable":true,"href":"https:\/\/www.sincomam.org.br\/index.php\/wp-json\/wp\/v2\/categories?post=37273"},{"taxonomy":"post_tag","embeddable":true,"href":"https:\/\/www.sincomam.org.br\/index.php\/wp-json\/wp\/v2\/tags?post=37273"}],"curies":[{"name":"wp","href":"https:\/\/api.w.org\/{rel}","templated":true}]}}