{"id":3727,"date":"2014-02-19T08:34:57","date_gmt":"2014-02-19T11:34:57","guid":{"rendered":"http:\/\/www.sincomam.org.br\/?p=3727"},"modified":"2014-02-19T10:26:48","modified_gmt":"2014-02-19T13:26:48","slug":"rio-recebe-exposicao-da-hamburg-sud-em-comemoracao-ao-ano-da-alemanha-no-brasil","status":"publish","type":"post","link":"https:\/\/www.sincomam.org.br\/index.php\/rio-recebe-exposicao-da-hamburg-sud-em-comemoracao-ao-ano-da-alemanha-no-brasil\/","title":{"rendered":"Rio recebe exposi\u00e7\u00e3o da Hamburg Sud em comemora\u00e7\u00e3o ao ano da Alemanha no Brasil"},"content":{"rendered":"<p>Ap\u00f3s temporada de sucesso em S\u00e3o Paulo, a exposi\u00e7\u00e3o \u201cBrasil-Alemanha: uma hist\u00f3ria centen\u00e1ria contada pelo mar\u201d, desembarca hoje no Centro Cultural dos Correios, no Rio de Janeiro. Promovida pela Hamburg S\u00fcd, empresa especializada em transporte mar\u00edtimo de cargas, a mostra ocorre em comemora\u00e7\u00e3o ao Ano Brasil-Alemanha.\u00a0<\/p>\n<p>A exibi\u00e7\u00e3o contar\u00e1 sobre a participa\u00e7\u00e3o da Hamburg S\u00fcd nas rela\u00e7\u00f5es entre os dois pa\u00edses, uma vez que a armadora foi respons\u00e1vel pelo correio mar\u00edtimo e pela vinda de milhares de imigrantes alem\u00e3es para o Brasil, ao longo dos s\u00e9culos XIX e XX.<\/p>\n<p>A exposi\u00e7\u00e3o reunir\u00e1 pain\u00e9is e p\u00f4steres sobre a hist\u00f3ria da empresa, filme hist\u00f3rico e outro especialmente desenvolvido para abordar a amizade entre os dois pa\u00edses. Al\u00e9m disso, os visitantes tamb\u00e9m poder\u00e3o consultar as listas de passageiros que embarcaram no porto de Hamburgo e ver de perto maquetes de navios. A curadoria est\u00e1 sob a responsabilidade do muse\u00f3logo Carsten Jordan.\u00a0 A exposi\u00e7\u00e3o estar\u00e1 aberta ao p\u00fablico at\u00e9 o dia 30 de mar\u00e7o, de ter\u00e7a a domingo, das 12 h \u00e0s 19h com entrada franca.<\/p>\n<p>Fonte: Portos e Navios<\/p>\n","protected":false},"excerpt":{"rendered":"<p>Ap\u00f3s temporada de sucesso em S\u00e3o Paulo, a exposi\u00e7\u00e3o \u201cBrasil-Alemanha: uma hist\u00f3ria centen\u00e1ria contada pelo mar\u201d, desembarca hoje no Centro Cultural dos Correios, no Rio&#8230;<\/p>\n","protected":false},"author":1182,"featured_media":3740,"comment_status":"closed","ping_status":"closed","sticky":false,"template":"","format":"standard","meta":{"footnotes":""},"categories":[6],"tags":[511,510,117,69,229],"class_list":["post-3727","post","type-post","status-publish","format-standard","has-post-thumbnail","hentry","category-noticias","tag-alemanha","tag-exposicao","tag-navios","tag-portos","tag-rio"],"_links":{"self":[{"href":"https:\/\/www.sincomam.org.br\/index.php\/wp-json\/wp\/v2\/posts\/3727","targetHints":{"allow":["GET"]}}],"collection":[{"href":"https:\/\/www.sincomam.org.br\/index.php\/wp-json\/wp\/v2\/posts"}],"about":[{"href":"https:\/\/www.sincomam.org.br\/index.php\/wp-json\/wp\/v2\/types\/post"}],"author":[{"embeddable":true,"href":"https:\/\/www.sincomam.org.br\/index.php\/wp-json\/wp\/v2\/users\/1182"}],"replies":[{"embeddable":true,"href":"https:\/\/www.sincomam.org.br\/index.php\/wp-json\/wp\/v2\/comments?post=3727"}],"version-history":[{"count":1,"href":"https:\/\/www.sincomam.org.br\/index.php\/wp-json\/wp\/v2\/posts\/3727\/revisions"}],"predecessor-version":[{"id":3728,"href":"https:\/\/www.sincomam.org.br\/index.php\/wp-json\/wp\/v2\/posts\/3727\/revisions\/3728"}],"wp:featuredmedia":[{"embeddable":true,"href":"https:\/\/www.sincomam.org.br\/index.php\/wp-json\/wp\/v2\/media\/3740"}],"wp:attachment":[{"href":"https:\/\/www.sincomam.org.br\/index.php\/wp-json\/wp\/v2\/media?parent=3727"}],"wp:term":[{"taxonomy":"category","embeddable":true,"href":"https:\/\/www.sincomam.org.br\/index.php\/wp-json\/wp\/v2\/categories?post=3727"},{"taxonomy":"post_tag","embeddable":true,"href":"https:\/\/www.sincomam.org.br\/index.php\/wp-json\/wp\/v2\/tags?post=3727"}],"curies":[{"name":"wp","href":"https:\/\/api.w.org\/{rel}","templated":true}]}}