{"id":37265,"date":"2022-01-06T08:21:55","date_gmt":"2022-01-06T11:21:55","guid":{"rendered":"http:\/\/www.sincomam.org.br\/?p=37265"},"modified":"2022-01-06T03:29:35","modified_gmt":"2022-01-06T06:29:35","slug":"governo-nao-exigira-receita-medica-para-vacinar-criancas-de-5-a-11-anos-contra-a-covid","status":"publish","type":"post","link":"https:\/\/www.sincomam.org.br\/index.php\/governo-nao-exigira-receita-medica-para-vacinar-criancas-de-5-a-11-anos-contra-a-covid\/","title":{"rendered":"Governo n\u00e3o exigir\u00e1 receita m\u00e9dica para vacinar crian\u00e7as de 5 a 11 anos contra a Covid"},"content":{"rendered":"<p>O Minist\u00e9rio da Sa\u00fade divulgou nesta quarta-feira (5) as regras para a vacina\u00e7\u00e3o de crian\u00e7as de 5 a 11 anos \u2013 e abriu m\u00e3o da exig\u00eancia de receita m\u00e9dica para imuniza\u00e7\u00e3o dessa faixa et\u00e1ria. Segundo o minist\u00e9rio, o primeiro lote de vacinas pedi\u00e1tricas deve chegar ao pa\u00eds no pr\u00f3ximo dia 13. A distribui\u00e7\u00e3o aos estados come\u00e7ar\u00e1 a ser feita no dia seguinte, se o cronograma for cumprido \u2013 o que permitiria o in\u00edcio da vacina\u00e7\u00e3o nos munic\u00edpios entre os dias 14 e 15 deste m\u00eas.<\/p>\n<p>De acordo com o governo, a vacina\u00e7\u00e3o infantil ocorrer\u00e1: em ordem decrescente de idade (das crian\u00e7as mais velhas para as mais novas), com prioridade para quem tem comorbidade ou defici\u00eancia permanente e para crian\u00e7as quilombolas e ind\u00edgenas;<br \/>\nsem necessidade de autoriza\u00e7\u00e3o por escrito, desde que pai, m\u00e3e ou respons\u00e1vel acompanhe a crian\u00e7a no momento da vacina\u00e7\u00e3o;<br \/>\ncom intervalo de oito semanas \u2013 um prazo maior que o previsto na bula, de tr\u00eas semanas.<\/p>\n<p>Apesar de n\u00e3o exigir a receita m\u00e9dica, o Minist\u00e9rio da Sa\u00fade disse orientar que os pais &#8220;procurem a recomenda\u00e7\u00e3o pr\u00e9via de um m\u00e9dico antes da imuniza\u00e7\u00e3o&#8221;.<\/p>\n<p>O Minist\u00e9rio da Sa\u00fade informou nesta quarta que j\u00e1 encomendou &#8220;mais de 20 milh\u00f5es de vacinas pedi\u00e1tricas da Pfizer&#8221; \u2013 o que seria suficiente para a primeira dose, mas n\u00e3o para completar o ciclo vacinal.<\/p>\n<p>&#8220;A previs\u00e3o \u00e9 que essas [20 milh\u00f5es de] unidades sejam entregues no primeiro trimestre deste ano. At\u00e9 o fim de janeiro, a estimativa \u00e9 que 3,7 milh\u00f5es de doses cheguem ao pais&#8221;, diz o material divulgado pelo minist\u00e9rio nesta quarta.<\/p>\n<p>Essas 3,7 milh\u00f5es de doses devem chegar ao pa\u00eds em tr\u00eas voos distintos, sendo um por semana. De acordo com o governo, o cronograma previsto \u00e9:<br \/>\n13 de janeiro: primeiro voo com 1,248 milh\u00e3o de doses;<br \/>\n20 de janeiro: segundo voo com 1,248 milh\u00e3o de doses;<br \/>\n27 de janeiro: terceiro voo com 1,248 milh\u00e3o de doses.<\/p>\n<p>Durante a coletiva, Marcelo Queiroga foi questionado sobre como aconselharia um pai que chegasse a seu gabinete com d\u00favidas sobre vacinar, ou n\u00e3o, seus filhos. O ministro driblou a pergunta \u2013 disse apenas que aconselharia a pessoa a &#8220;procurar um m\u00e9dico de confian\u00e7a&#8221;.<\/p>\n<p>Doses seguras<br \/>\nDurante a coletiva, Queiroga afirmou que a seguran\u00e7a e a efic\u00e1cia da vacina pedi\u00e1trica da Pfizer \u2013 que \u00e9 aplicada em dose menor, em rela\u00e7\u00e3o \u00e0 vers\u00e3o para adultos \u2013 j\u00e1 foi atestada por diversas ag\u00eancias internacionais.<\/p>\n<p>&#8220;Isso foi testado atrav\u00e9s de ensaios cl\u00ednicos e j\u00e1 logrou aprova\u00e7\u00e3o em ag\u00eancias sanit\u00e1rias respeit\u00e1veis, a exemplo do FDA [ag\u00eancia dos Estados Unidos], da Ag\u00eancia Europeia de Medicamentos, e agora teve o aval da Anvisa. Portanto, a Anvisa atestou a seguran\u00e7a regulat\u00f3ria&#8221;, elencou Queiroga.<\/p>\n<p>Da autoriza\u00e7\u00e3o da Anvisa at\u00e9 aprova\u00e7\u00e3o do governo<br \/>\nEm 16 de dezembro, a Anvisa aprovou o uso de uma vers\u00e3o pedi\u00e1trica da vacina da Pfizer para aplica\u00e7\u00e3o nas crian\u00e7as de 5 a 11 anos. Desde o sinal verde da Anvisa, o ministro Queiroga afirmou diversas vezes que a autoriza\u00e7\u00e3o da ag\u00eancia n\u00e3o \u00e9 suficiente para iniciar a vacina\u00e7\u00e3o. Em 20 de dezembro, o ministro disse que a &#8220;pressa \u00e9 inimiga da perfei\u00e7\u00e3o&#8221; e que a pasta s\u00f3 teria uma posi\u00e7\u00e3o sobre o tema nesta quarta, 5 de janeiro.<\/p>\n<p>Na noite de 23 de dezembro, o Minist\u00e9rio da Sa\u00fade abriu a consulta p\u00fablica sobre vacina\u00e7\u00e3o de crian\u00e7as de 5 a 11 anos contra a Covid. De 24 de dezembro, a 2 de janeiro, qualquer pessoa p\u00f4de participar, preenchendo um formul\u00e1rio online, da consulta que, segundo a pasta, estava aberta a &#8220;contribui\u00e7\u00f5es devidamente fundamentadas&#8221;.<\/p>\n<p>J\u00e1 em janeiro, no dia 3, Queiroga antecipou que as doses pedi\u00e1tricas chegar\u00e3o ao Brasil na segunda quinzena deste m\u00eas. Sem apresentar um cronograma de aplica\u00e7\u00e3o, o ministro disse tamb\u00e9m que a vacina estar\u00e1 dispon\u00edvel para os pais que queiram imunizar seus filhos.<\/p>\n<p>Na quarta-feira (4), o Minist\u00e9rio da Sa\u00fade apresentou os resultados da consulta p\u00fablica e tamb\u00e9m convidou entidades e profissionais ligados ao tema para uma audi\u00eancia p\u00fablica. Sociedades m\u00e9dicas e cient\u00edficas defenderam a vacina\u00e7\u00e3o de crian\u00e7as de 5 a 11 anos.<\/p>\n<p>Diferen\u00e7as<br \/>\nA vacina para crian\u00e7as de 5 a 11 anos tem diferen\u00e7as em rela\u00e7\u00e3o \u00e0 que foi aplicada nos adultos. Por isso, o governo federal ter\u00e1 que comprar uma vers\u00e3o espec\u00edfica do produto com dosagens e frascos diferentes, apesar de o princ\u00edpio ativo ser o mesmo.<\/p>\n<p>A mesma autoriza\u00e7\u00e3o de uso j\u00e1 foi concedida pelo FDA e pela EMA (ag\u00eancias regulat\u00f3rias de sa\u00fade dos Estados Unidos e Uni\u00e3o Europeia).<\/p>\n<p>A Anvisa alerta que a autoriza\u00e7\u00e3o \u00e9 baseada nos dados dispon\u00edveis at\u00e9 o momento e os resultados s\u00e3o avaliados a todo momento. Veja as orienta\u00e7\u00f5es da ag\u00eancia:<\/p>\n<p>A dose para as crian\u00e7as entre 5 e 11 anos de idade \u00e9 1\/3 da formula\u00e7\u00e3o j\u00e1 aprovada no Brasil.<br \/>\nA dosagem \u00e9 de 10 microgramas.<br \/>\nA formula\u00e7\u00e3o pedi\u00e1trica \u00e9 diferente daquela aprovada anteriormente apresentada para o p\u00fablico com mais de 12 anos \u2013 portanto, n\u00e3o pode ser utilizada a formula\u00e7\u00e3o de adultos dilu\u00edda.<br \/>\nA crian\u00e7a que completar 12 anos entre a primeira e a segunda dose deve manter a dose pedi\u00e1trica.<br \/>\nN\u00e3o h\u00e1 estudos sobre a coadministra\u00e7\u00e3o com outras vacinas. Segundo a Anvisa, at\u00e9 que saiam mais estudos, \u00e9 indicado um intervalo de 15 dias entre a vacina da Covid-19 e outros imunizantes do calend\u00e1rio infantil.<\/p>\n<p>Fonte: G1<\/p>\n","protected":false},"excerpt":{"rendered":"<p>O Minist\u00e9rio da Sa\u00fade divulgou nesta quarta-feira (5) as regras para a vacina\u00e7\u00e3o de crian\u00e7as de 5 a 11 anos \u2013 e abriu m\u00e3o da&#8230;<\/p>\n","protected":false},"author":1527,"featured_media":37266,"comment_status":"closed","ping_status":"closed","sticky":false,"template":"","format":"standard","meta":{"footnotes":""},"categories":[6],"tags":[],"class_list":["post-37265","post","type-post","status-publish","format-standard","has-post-thumbnail","hentry","category-noticias"],"_links":{"self":[{"href":"https:\/\/www.sincomam.org.br\/index.php\/wp-json\/wp\/v2\/posts\/37265","targetHints":{"allow":["GET"]}}],"collection":[{"href":"https:\/\/www.sincomam.org.br\/index.php\/wp-json\/wp\/v2\/posts"}],"about":[{"href":"https:\/\/www.sincomam.org.br\/index.php\/wp-json\/wp\/v2\/types\/post"}],"author":[{"embeddable":true,"href":"https:\/\/www.sincomam.org.br\/index.php\/wp-json\/wp\/v2\/users\/1527"}],"replies":[{"embeddable":true,"href":"https:\/\/www.sincomam.org.br\/index.php\/wp-json\/wp\/v2\/comments?post=37265"}],"version-history":[{"count":1,"href":"https:\/\/www.sincomam.org.br\/index.php\/wp-json\/wp\/v2\/posts\/37265\/revisions"}],"predecessor-version":[{"id":37267,"href":"https:\/\/www.sincomam.org.br\/index.php\/wp-json\/wp\/v2\/posts\/37265\/revisions\/37267"}],"wp:featuredmedia":[{"embeddable":true,"href":"https:\/\/www.sincomam.org.br\/index.php\/wp-json\/wp\/v2\/media\/37266"}],"wp:attachment":[{"href":"https:\/\/www.sincomam.org.br\/index.php\/wp-json\/wp\/v2\/media?parent=37265"}],"wp:term":[{"taxonomy":"category","embeddable":true,"href":"https:\/\/www.sincomam.org.br\/index.php\/wp-json\/wp\/v2\/categories?post=37265"},{"taxonomy":"post_tag","embeddable":true,"href":"https:\/\/www.sincomam.org.br\/index.php\/wp-json\/wp\/v2\/tags?post=37265"}],"curies":[{"name":"wp","href":"https:\/\/api.w.org\/{rel}","templated":true}]}}