{"id":37263,"date":"2022-01-06T08:18:27","date_gmt":"2022-01-06T11:18:27","guid":{"rendered":"http:\/\/www.sincomam.org.br\/?p=37263"},"modified":"2022-01-06T03:19:40","modified_gmt":"2022-01-06T06:19:40","slug":"restricao-de-tatuagens-na-marinha-e-sancionada","status":"publish","type":"post","link":"https:\/\/www.sincomam.org.br\/index.php\/restricao-de-tatuagens-na-marinha-e-sancionada\/","title":{"rendered":"Restri\u00e7\u00e3o de tatuagens na Marinha \u00e9 sancionada"},"content":{"rendered":"<p>Foi sancionada a Lei 14.296, de 2022, que pro\u00edbe o ingresso na Marinha de pessoas com tatuagens que fa\u00e7am alus\u00e3o a &#8220;ideologia terrorista ou extremista contr\u00e1ria \u00e0s institui\u00e7\u00f5es democr\u00e1ticas&#8221;, ou a viol\u00eancia, criminalidade, ato libidinoso, discrimina\u00e7\u00e3o e preconceito de ra\u00e7a, sexo ou credo. A nova lei tamb\u00e9m pro\u00edbe tatuagens na cabe\u00e7a, no rosto ou na parte da frente do pesco\u00e7o.<\/p>\n<p>Quando o projeto proposto pelo governo (\u00a0PL 5.010\/2020)\u00a0foi aprovado no Senado, em 16 de dezembro, o relator, Marcos do Val (Podemos-ES), disse que a proibi\u00e7\u00e3o de tatuagens tem respaldo em decis\u00e3o recente do Supremo Tribunal Federal. O senador alegou que o STF definiu que editais de concursos p\u00fablicos n\u00e3o podem determinar restri\u00e7\u00f5es a pessoas com tatuagens, &#8220;salvo em situa\u00e7\u00f5es excepcionais em raz\u00e3o de conte\u00fado que viole valores&#8221;, o que \u00e9, para o senador, o caso do PL 5010\/2020.\u00a0<\/p>\n<p>\u2014\u00a0\u00a0O que se busca \u00e9 a seguran\u00e7a dos militares e das opera\u00e7\u00f5es, n\u00e3o h\u00e1 qualquer pol\u00eamica no que tange \u00e0 liberdade de express\u00e3o. E al\u00e9m disso os\u00a0militares devem primar pela boa apresenta\u00e7\u00e3o pessoal \u2014 disse em Plen\u00e1rio.\u00a0<\/p>\n<p>A nova legisla\u00e7\u00e3o tamb\u00e9m\u00a0inclui no Sistema de Ensino Naval (SEN) cursos para pra\u00e7as, de gradua\u00e7\u00e3o, de qualifica\u00e7\u00e3o t\u00e9cnica especial e de aperfei\u00e7oamento avan\u00e7ado. O limite de idade para ingresso no corpo de sa\u00fade, no corpo de engenheiros e no quadro t\u00e9cnico do corpo auxiliar da Marinha \u00e9 reduzido de 36 para 35 anos. A norma prev\u00ea ainda que os cursos e est\u00e1gios a dist\u00e2ncia s\u00e3o equivalentes aos presenciais.<\/p>\n<p>Fonte: Ag\u00eancia Senado<\/p>\n","protected":false},"excerpt":{"rendered":"<p>Foi sancionada a Lei 14.296, de 2022, que pro\u00edbe o ingresso na Marinha de pessoas com tatuagens que fa\u00e7am alus\u00e3o a &#8220;ideologia terrorista ou extremista&#8230;<\/p>\n","protected":false},"author":1527,"featured_media":34265,"comment_status":"closed","ping_status":"closed","sticky":false,"template":"","format":"standard","meta":{"footnotes":""},"categories":[6],"tags":[],"class_list":["post-37263","post","type-post","status-publish","format-standard","has-post-thumbnail","hentry","category-noticias"],"_links":{"self":[{"href":"https:\/\/www.sincomam.org.br\/index.php\/wp-json\/wp\/v2\/posts\/37263","targetHints":{"allow":["GET"]}}],"collection":[{"href":"https:\/\/www.sincomam.org.br\/index.php\/wp-json\/wp\/v2\/posts"}],"about":[{"href":"https:\/\/www.sincomam.org.br\/index.php\/wp-json\/wp\/v2\/types\/post"}],"author":[{"embeddable":true,"href":"https:\/\/www.sincomam.org.br\/index.php\/wp-json\/wp\/v2\/users\/1527"}],"replies":[{"embeddable":true,"href":"https:\/\/www.sincomam.org.br\/index.php\/wp-json\/wp\/v2\/comments?post=37263"}],"version-history":[{"count":1,"href":"https:\/\/www.sincomam.org.br\/index.php\/wp-json\/wp\/v2\/posts\/37263\/revisions"}],"predecessor-version":[{"id":37264,"href":"https:\/\/www.sincomam.org.br\/index.php\/wp-json\/wp\/v2\/posts\/37263\/revisions\/37264"}],"wp:featuredmedia":[{"embeddable":true,"href":"https:\/\/www.sincomam.org.br\/index.php\/wp-json\/wp\/v2\/media\/34265"}],"wp:attachment":[{"href":"https:\/\/www.sincomam.org.br\/index.php\/wp-json\/wp\/v2\/media?parent=37263"}],"wp:term":[{"taxonomy":"category","embeddable":true,"href":"https:\/\/www.sincomam.org.br\/index.php\/wp-json\/wp\/v2\/categories?post=37263"},{"taxonomy":"post_tag","embeddable":true,"href":"https:\/\/www.sincomam.org.br\/index.php\/wp-json\/wp\/v2\/tags?post=37263"}],"curies":[{"name":"wp","href":"https:\/\/api.w.org\/{rel}","templated":true}]}}