{"id":37260,"date":"2022-01-06T08:16:18","date_gmt":"2022-01-06T11:16:18","guid":{"rendered":"http:\/\/www.sincomam.org.br\/?p=37260"},"modified":"2022-01-06T03:17:44","modified_gmt":"2022-01-06T06:17:44","slug":"porto-do-pecem-fecha-2021-com-mais-de-22-milhoes-de-toneladas-movimentadas","status":"publish","type":"post","link":"https:\/\/www.sincomam.org.br\/index.php\/porto-do-pecem-fecha-2021-com-mais-de-22-milhoes-de-toneladas-movimentadas\/","title":{"rendered":"Porto do Pec\u00e9m fecha 2021 com mais de 22 milh\u00f5es de toneladas movimentadas"},"content":{"rendered":"<p>O Porto do Pec\u00e9m superou a marca de 20 milh\u00f5es de toneladas de cargas movimentadas em 2021. Ao todo, passaram pelo porto cearense 22.417.077 toneladas, recorde para o setor portu\u00e1rio do estado.<\/p>\n<p>A movimenta\u00e7\u00e3o alcan\u00e7ada pelo Porto do Pec\u00e9m no ano passado tamb\u00e9m representa um crescimento de 40,7% ante o resultado de 2020, quando foram movimentadas 15,9 milh\u00f5es de toneladas.<\/p>\n<p>\u201c\u00c9 extremamente gratificante iniciarmos um novo ano anunciando o melhor resultado da hist\u00f3ria do terminal portu\u00e1rio do Pec\u00e9m. Fechamos a movimenta\u00e7\u00e3o de 2021 com 22,4 milh\u00f5es de toneladas, um resultado in\u00e9dito que nos faz come\u00e7ar 2022 da melhor maneira poss\u00edvel, pois \u00e9 o ano que marca os 20 anos de opera\u00e7\u00e3o do Porto do Pec\u00e9m. Por isso, minha gratid\u00e3o aos homens e mulheres que ajudaram a escrever essa hist\u00f3ria de sucesso da log\u00edstica cearense e brasileira\u201d, celebra Danilo Serpa, presidente do Complexo do Pec\u00e9m.<\/p>\n<p>Durante o ano passado, os desembarques de mercadorias no Porto do Pec\u00e9m cresceram 43% ante 2020, atingindo a marca de 15.157.188 toneladas. Os embarques tamb\u00e9m registraram um aumento, de 36%, e alcan\u00e7aram 7.259.889 toneladas.<\/p>\n<p>811 embarca\u00e7\u00f5es atracaram em Pec\u00e9m em 2021, contra 648 em 2020.<\/p>\n<p>Entre as cargas movimentadas no Porto do Pec\u00e9m ao longo de 2021, o maior destaque foi o granel s\u00f3lido, em especial combust\u00edveis minerais e min\u00e9rios. A carga conteinerizada tamb\u00e9m teve participa\u00e7\u00e3o importante no acumulado do ano, com destaque para cereais, sal e frutas.<\/p>\n<p>Confira a rela\u00e7\u00e3o completa:<\/p>\n<p>44% \u2013 Granel s\u00f3lido, com 9.827.740 toneladas movimentadas<br \/>\n24% \u2013 Cont\u00eaineres, com 5.389.230 toneladas movimentadas<br \/>\n17% \u2013 Carga solta, com 3.847.852 toneladas movimentadas<br \/>\n15% \u2013 Granel l\u00edquido, com 3.352.255 toneladas movimentadas<\/p>\n<p>Fonte: Portos e Navios<\/p>\n","protected":false},"excerpt":{"rendered":"<p>O Porto do Pec\u00e9m superou a marca de 20 milh\u00f5es de toneladas de cargas movimentadas em 2021. Ao todo, passaram pelo porto cearense 22.417.077 toneladas,&#8230;<\/p>\n","protected":false},"author":1527,"featured_media":19265,"comment_status":"closed","ping_status":"closed","sticky":false,"template":"","format":"standard","meta":{"footnotes":""},"categories":[6],"tags":[],"class_list":["post-37260","post","type-post","status-publish","format-standard","has-post-thumbnail","hentry","category-noticias"],"_links":{"self":[{"href":"https:\/\/www.sincomam.org.br\/index.php\/wp-json\/wp\/v2\/posts\/37260","targetHints":{"allow":["GET"]}}],"collection":[{"href":"https:\/\/www.sincomam.org.br\/index.php\/wp-json\/wp\/v2\/posts"}],"about":[{"href":"https:\/\/www.sincomam.org.br\/index.php\/wp-json\/wp\/v2\/types\/post"}],"author":[{"embeddable":true,"href":"https:\/\/www.sincomam.org.br\/index.php\/wp-json\/wp\/v2\/users\/1527"}],"replies":[{"embeddable":true,"href":"https:\/\/www.sincomam.org.br\/index.php\/wp-json\/wp\/v2\/comments?post=37260"}],"version-history":[{"count":1,"href":"https:\/\/www.sincomam.org.br\/index.php\/wp-json\/wp\/v2\/posts\/37260\/revisions"}],"predecessor-version":[{"id":37262,"href":"https:\/\/www.sincomam.org.br\/index.php\/wp-json\/wp\/v2\/posts\/37260\/revisions\/37262"}],"wp:featuredmedia":[{"embeddable":true,"href":"https:\/\/www.sincomam.org.br\/index.php\/wp-json\/wp\/v2\/media\/19265"}],"wp:attachment":[{"href":"https:\/\/www.sincomam.org.br\/index.php\/wp-json\/wp\/v2\/media?parent=37260"}],"wp:term":[{"taxonomy":"category","embeddable":true,"href":"https:\/\/www.sincomam.org.br\/index.php\/wp-json\/wp\/v2\/categories?post=37260"},{"taxonomy":"post_tag","embeddable":true,"href":"https:\/\/www.sincomam.org.br\/index.php\/wp-json\/wp\/v2\/tags?post=37260"}],"curies":[{"name":"wp","href":"https:\/\/api.w.org\/{rel}","templated":true}]}}