{"id":37255,"date":"2022-01-05T08:33:29","date_gmt":"2022-01-05T11:33:29","guid":{"rendered":"http:\/\/www.sincomam.org.br\/?p=37255"},"modified":"2022-01-05T04:23:33","modified_gmt":"2022-01-05T07:23:33","slug":"ministerio-da-saude-decide-sobre-vacinacao-de-criancas-contra-covid-19-nesta-quarta-feira","status":"publish","type":"post","link":"https:\/\/www.sincomam.org.br\/index.php\/ministerio-da-saude-decide-sobre-vacinacao-de-criancas-contra-covid-19-nesta-quarta-feira\/","title":{"rendered":"Minist\u00e9rio da Sa\u00fade decide sobre vacina\u00e7\u00e3o de crian\u00e7as contra Covid-19 nesta quarta-feira"},"content":{"rendered":"<p>A recomenda\u00e7\u00e3o final do Minist\u00e9rio da Sa\u00fade sobre a vacina\u00e7\u00e3o de crian\u00e7as de 5 a 11 anos contra a Covid-19 deve acontecer nesta quarta-feira (5). A imuniza\u00e7\u00e3o de crian\u00e7as j\u00e1 \u00e9 aprovada pela Ag\u00eancia Nacional de Vigil\u00e2ncia Sanit\u00e1ria (Anvisa) desde 16 de dezembro e j\u00e1 ocorre em diversos pa\u00edses, mas ainda n\u00e3o foi autorizada pelo Minist\u00e9rio da Sa\u00fade, ao qual a ag\u00eancia \u00e9 subordinada.<\/p>\n<p>Na segunda-feira (3), o ministro da Sa\u00fade, Marcelo Queiroga, antecipou que as doses pedi\u00e1tricas da Pfizer chegar\u00e3o ao Brasil na segunda quinzena deste m\u00eas.<\/p>\n<p>Sem apresentar um cronograma de aplica\u00e7\u00e3o, o ministro disse tamb\u00e9m que a vacina estar\u00e1 dispon\u00edvel para os pais que queiram imunizar seus filhos.<\/p>\n<p>Para especialistas, a vacina\u00e7\u00e3o desse grupo \u00e9 essencial n\u00e3o s\u00f3 para conter a pandemia, mas para proteger as crian\u00e7as diante do surgimento de novas variantes.<\/p>\n<p>Consulta p\u00fablica<br \/>\nNa ter\u00e7a-feira (4), o governo federal anunciou que a maioria das pessoas que responderam \u00e0 consulta p\u00fablica sobre a vacina\u00e7\u00e3o de crian\u00e7as de 5 a 11 anos contra a Covid-19 se op\u00f4s \u00e0 necessidade de receita m\u00e9dica para imuniza\u00e7\u00e3o dessa faixa et\u00e1ria.<\/p>\n<p>As respostas foram anunciadas pela secret\u00e1ria extraordin\u00e1ria de enfrentamento \u00e0 Covid-19, a m\u00e9dica Rosana Leite de Melo, durante a audi\u00eancia p\u00fablica realizada pela pasta para discutir o tema. A Ag\u00eancia Nacional de Vigil\u00e2ncia Sanit\u00e1ria (Anvisa), que j\u00e1 havia recomendado a vacina, n\u00e3o participou da reuni\u00e3o.<\/p>\n<p>Tamb\u00e9m na ter\u00e7a, entidades e profissionais ligados ao tema foram convidados pelo Minist\u00e9rio da Sa\u00fade para uma audi\u00eancia p\u00fablica. Sociedades m\u00e9dicas e cient\u00edficas defenderam a vacina\u00e7\u00e3o de crian\u00e7as de 5 a 11 anos na audi\u00eancia p\u00fablica desta ter\u00e7a.<\/p>\n<p>Autoriza\u00e7\u00e3o da Anvisa<br \/>\nEm 16 de dezembro, a Anvisa aprovou o uso de uma vers\u00e3o pedi\u00e1trica da vacina da Pfizer para aplica\u00e7\u00e3o nas crian\u00e7as dessa faixa et\u00e1ria.<\/p>\n<p>O governo federal, entretanto, ainda n\u00e3o definiu quando vai iniciar a imuniza\u00e7\u00e3o desse grupo. Desde o sinal verde da Anvisa, o ministro Queiroga afirmou diversas vezes que a autoriza\u00e7\u00e3o da ag\u00eancia n\u00e3o \u00e9 suficiente para iniciar a vacina\u00e7\u00e3o.<\/p>\n<p>Como deve funcionar a vacina\u00e7\u00e3o infantil<br \/>\nA vacina para este p\u00fablico tem diferen\u00e7as em rela\u00e7\u00e3o \u00e0 que foi aplicada nos adultos.<\/p>\n<p>\u00c9 por isso que o governo federal aguarda a chegada de uma vers\u00e3o espec\u00edfica do produto com dosagens e frascos diferentes, apesar de o princ\u00edpio ativo ser o mesmo.<\/p>\n<p>A mesma autoriza\u00e7\u00e3o de uso j\u00e1 foi concedida pela FDA e pela EMA (ag\u00eancias regulat\u00f3rias de sa\u00fade dos Estados Unidos e Uni\u00e3o Europeia).<\/p>\n<p>m outubro, a Pfizer disse que a vacina \u00e9 segura e mais de 90,7% eficaz na preven\u00e7\u00e3o de infec\u00e7\u00f5es em crian\u00e7as de 5 a 11 anos.<\/p>\n<p>O estudo acompanhou 2.268 crian\u00e7as de 5 a 11 anos que receberam duas doses da vacina ou placebo, com tr\u00eas semanas de intervalo.<\/p>\n<p>A Anvisa alerta que a autoriza\u00e7\u00e3o \u00e9 baseada nos dados dispon\u00edveis at\u00e9 o momento e os resultados s\u00e3o avaliados a todo momento. Veja as orienta\u00e7\u00f5es da ag\u00eancia:<\/p>\n<p>A dose para as crian\u00e7as entre 5 e 11 anos de idade \u00e9 1\/3 da formula\u00e7\u00e3o j\u00e1 aprovada no Brasil.<br \/>\nA dosagem \u00e9 de 10 microgramas.<br \/>\nA formula\u00e7\u00e3o pedi\u00e1trica \u00e9 diferente daquela aprovada anteriormente apresentada para o p\u00fablico com mais de 12 anos \u2013 portanto, n\u00e3o pode ser utilizada a formula\u00e7\u00e3o de adultos dilu\u00edda.<br \/>\nA crian\u00e7a que completar 12 anos entre a primeira e a segunda dose deve manter a dose pedi\u00e1trica.<br \/>\nN\u00e3o h\u00e1 estudos sobre a coadministra\u00e7\u00e3o com outras vacinas. Segundo a Anvisa, at\u00e9 que saiam mais estudos, \u00e9 indicado um intervalo de 15 dias entre a vacina da Covid-19 e outros imunizantes do calend\u00e1rio infantil.<\/p>\n<p>O infectologista Renato Kfouri, representante da Sociedade Brasileira de Imuniza\u00e7\u00f5es e que participou da avalia\u00e7\u00e3o da Pfizer junto \u00e0 ag\u00eancia, lembrou que a Covid matou mais crian\u00e7as do que coqueluche, diarreia, sarampo, gripe e meningite somadas.<\/p>\n","protected":false},"excerpt":{"rendered":"<p>A recomenda\u00e7\u00e3o final do Minist\u00e9rio da Sa\u00fade sobre a vacina\u00e7\u00e3o de crian\u00e7as de 5 a 11 anos contra a Covid-19 deve acontecer nesta quarta-feira (5)&#8230;.<\/p>\n","protected":false},"author":1527,"featured_media":5020,"comment_status":"closed","ping_status":"closed","sticky":false,"template":"","format":"standard","meta":{"footnotes":""},"categories":[6],"tags":[],"class_list":["post-37255","post","type-post","status-publish","format-standard","has-post-thumbnail","hentry","category-noticias"],"_links":{"self":[{"href":"https:\/\/www.sincomam.org.br\/index.php\/wp-json\/wp\/v2\/posts\/37255","targetHints":{"allow":["GET"]}}],"collection":[{"href":"https:\/\/www.sincomam.org.br\/index.php\/wp-json\/wp\/v2\/posts"}],"about":[{"href":"https:\/\/www.sincomam.org.br\/index.php\/wp-json\/wp\/v2\/types\/post"}],"author":[{"embeddable":true,"href":"https:\/\/www.sincomam.org.br\/index.php\/wp-json\/wp\/v2\/users\/1527"}],"replies":[{"embeddable":true,"href":"https:\/\/www.sincomam.org.br\/index.php\/wp-json\/wp\/v2\/comments?post=37255"}],"version-history":[{"count":1,"href":"https:\/\/www.sincomam.org.br\/index.php\/wp-json\/wp\/v2\/posts\/37255\/revisions"}],"predecessor-version":[{"id":37256,"href":"https:\/\/www.sincomam.org.br\/index.php\/wp-json\/wp\/v2\/posts\/37255\/revisions\/37256"}],"wp:featuredmedia":[{"embeddable":true,"href":"https:\/\/www.sincomam.org.br\/index.php\/wp-json\/wp\/v2\/media\/5020"}],"wp:attachment":[{"href":"https:\/\/www.sincomam.org.br\/index.php\/wp-json\/wp\/v2\/media?parent=37255"}],"wp:term":[{"taxonomy":"category","embeddable":true,"href":"https:\/\/www.sincomam.org.br\/index.php\/wp-json\/wp\/v2\/categories?post=37255"},{"taxonomy":"post_tag","embeddable":true,"href":"https:\/\/www.sincomam.org.br\/index.php\/wp-json\/wp\/v2\/tags?post=37255"}],"curies":[{"name":"wp","href":"https:\/\/api.w.org\/{rel}","templated":true}]}}