{"id":37249,"date":"2022-01-05T08:30:39","date_gmt":"2022-01-05T11:30:39","guid":{"rendered":"http:\/\/www.sincomam.org.br\/?p=37249"},"modified":"2022-01-05T04:10:26","modified_gmt":"2022-01-05T07:10:26","slug":"ministerio-publico-pede-a-justica-falencia-do-grupo-itapemirim","status":"publish","type":"post","link":"https:\/\/www.sincomam.org.br\/index.php\/ministerio-publico-pede-a-justica-falencia-do-grupo-itapemirim\/","title":{"rendered":"Minist\u00e9rio P\u00fablico pede \u00e0 Justi\u00e7a fal\u00eancia do Grupo Itapemirim"},"content":{"rendered":"<p>O Minist\u00e9rio P\u00fablico de S\u00e3o Paulo pediu \u00e0 Justi\u00e7a a decreta\u00e7\u00e3o de fal\u00eancia do Grupo Itapemirim, empresa respons\u00e1vel pela Itapemirim Transportes A\u00e9reos (ITA). O pedido foi feito no fim de dezembro, depois que a empresa suspendeu todas as opera\u00e7\u00f5es, deixando passageiros sem voos em todo o pa\u00eds.<\/p>\n<p>O Minist\u00e9rio P\u00fablico solicitou ainda Justi\u00e7a o bloqueio de bens e o afastamento do principal s\u00f3cio da empresa.<\/p>\n<p>Entenda<br \/>\nA empresa anunciou ter suspendido suas opera\u00e7\u00f5es na noite do dia 17 de dezembro. Na ocasi\u00e3o, o grupo informou que a paralisa\u00e7\u00e3o era tempor\u00e1ria, motivada por uma reestrutura\u00e7\u00e3o interna. Dias depois, a Funda\u00e7\u00e3o Procon decidiu aplicar uma multa \u00e0 empresa por sequer ter prestado assist\u00eancia aos passageiros diante do cancelamento dos voos.<\/p>\n<p>Ap\u00f3s os problemas no transporte a\u00e9reo, a Itapemirim anunciou tamb\u00e9m, no final de dezembro, que iria retirar linhas de \u00f4nibus e reduzir a quantidade de cidades atendidas em suas rotas rodovi\u00e1rias. O conglomerado est\u00e1 em recupera\u00e7\u00e3o judicial desde 2016.<\/p>\n<p>Defesa<br \/>\nPor meio de nota \u00e0 Ag\u00eancia Brasil, o Grupo Itapemirim informou que as acusa\u00e7\u00f5es que motivaram o Minist\u00e9rio P\u00fablico para o pedido de fal\u00eancia s\u00e3o &#8220;fantasiosas&#8221;.<\/p>\n<p>&#8220;O promotor n\u00e3o apresenta provas das acusa\u00e7\u00f5es que faz, visto que, em toda a a\u00e7\u00e3o, o \u00f3rg\u00e3o apenas suscita d\u00favidas quanto \u00e0 lisura da administra\u00e7\u00e3o do Grupo Itapemirim&#8221;, informou a empresa.<\/p>\n<p>De acordo com o documento, &#8220;os fatos que envolvem a ITA n\u00e3o podem ser levados ao processo de recupera\u00e7\u00e3o judicial da Via\u00e7\u00e3o Itapemirim, pois s\u00e3o distintos. No momento em que o Brasil atravessa enormes dificuldades sustentadas por uma pandemia que assola a economia e amea\u00e7a acabar com os empregos que ainda existem, sendo milhares deles garantidos por este grupo, \u00e9 inconceb\u00edvel que os \u00f3rg\u00e3os p\u00fablicos sejam usados para arruinar ainda mais a situa\u00e7\u00e3o&#8221;, finaliza a empresa.<\/p>\n<p>Fonte: Ag\u00eancia Brasil<\/p>\n","protected":false},"excerpt":{"rendered":"<p>O Minist\u00e9rio P\u00fablico de S\u00e3o Paulo pediu \u00e0 Justi\u00e7a a decreta\u00e7\u00e3o de fal\u00eancia do Grupo Itapemirim, empresa respons\u00e1vel pela Itapemirim Transportes A\u00e9reos (ITA). O pedido&#8230;<\/p>\n","protected":false},"author":1527,"featured_media":37250,"comment_status":"closed","ping_status":"closed","sticky":false,"template":"","format":"standard","meta":{"footnotes":""},"categories":[6],"tags":[],"class_list":["post-37249","post","type-post","status-publish","format-standard","has-post-thumbnail","hentry","category-noticias"],"_links":{"self":[{"href":"https:\/\/www.sincomam.org.br\/index.php\/wp-json\/wp\/v2\/posts\/37249","targetHints":{"allow":["GET"]}}],"collection":[{"href":"https:\/\/www.sincomam.org.br\/index.php\/wp-json\/wp\/v2\/posts"}],"about":[{"href":"https:\/\/www.sincomam.org.br\/index.php\/wp-json\/wp\/v2\/types\/post"}],"author":[{"embeddable":true,"href":"https:\/\/www.sincomam.org.br\/index.php\/wp-json\/wp\/v2\/users\/1527"}],"replies":[{"embeddable":true,"href":"https:\/\/www.sincomam.org.br\/index.php\/wp-json\/wp\/v2\/comments?post=37249"}],"version-history":[{"count":1,"href":"https:\/\/www.sincomam.org.br\/index.php\/wp-json\/wp\/v2\/posts\/37249\/revisions"}],"predecessor-version":[{"id":37251,"href":"https:\/\/www.sincomam.org.br\/index.php\/wp-json\/wp\/v2\/posts\/37249\/revisions\/37251"}],"wp:featuredmedia":[{"embeddable":true,"href":"https:\/\/www.sincomam.org.br\/index.php\/wp-json\/wp\/v2\/media\/37250"}],"wp:attachment":[{"href":"https:\/\/www.sincomam.org.br\/index.php\/wp-json\/wp\/v2\/media?parent=37249"}],"wp:term":[{"taxonomy":"category","embeddable":true,"href":"https:\/\/www.sincomam.org.br\/index.php\/wp-json\/wp\/v2\/categories?post=37249"},{"taxonomy":"post_tag","embeddable":true,"href":"https:\/\/www.sincomam.org.br\/index.php\/wp-json\/wp\/v2\/tags?post=37249"}],"curies":[{"name":"wp","href":"https:\/\/api.w.org\/{rel}","templated":true}]}}