{"id":37246,"date":"2022-01-05T08:30:38","date_gmt":"2022-01-05T11:30:38","guid":{"rendered":"http:\/\/www.sincomam.org.br\/?p=37246"},"modified":"2022-01-05T04:07:18","modified_gmt":"2022-01-05T07:07:18","slug":"carnaval-blocos-de-rua-sao-cancelados-no-rio-niteroi-e-marica","status":"publish","type":"post","link":"https:\/\/www.sincomam.org.br\/index.php\/carnaval-blocos-de-rua-sao-cancelados-no-rio-niteroi-e-marica\/","title":{"rendered":"Carnaval: blocos de rua s\u00e3o cancelados no Rio, Niter\u00f3i e Maric\u00e1"},"content":{"rendered":"<p>Pelo segundo ano consecutivo n\u00e3o vai ter carnaval de rua no Rio. A decis\u00e3o foi anunciada pelo prefeito Eduardo Paes (PSD), em transmiss\u00e3o feita pela internet. No entanto os desfiles das escolas de samba na Marques de Sapuca\u00ed est\u00e3o mantidos.<\/p>\n<p>Em sua justificativa, o prefeito atribuiu a decis\u00e3o por conta do aumento de casos da Covid-19, devido a nova variante \u00d4micron, o que, segundo ele, torna invi\u00e1vel a libera\u00e7\u00e3o dos 450 blocos existentes na cidade. Eduardo Paes ainda informou que j\u00e1 n\u00e3o haveria mais tempo suficiente para a organiza\u00e7\u00e3o do carnaval de rua.<\/p>\n<p>O prefeito do Rio disse ainda que chegou a apresentar uma proposta aos patrocinadores para definir dois ou tr\u00eas pontos da cidade e garantir o desfile de blocos mais tradicionais, mediante testagem promovida pela prefeitura, comprovante de vacina e todos os cuidades recomendados pela Anvisa. Mas a proposta n\u00e3o teria sido aceita pelas lideran\u00e7as dos pr\u00f3prios blocos, que ainda estudam fazer uma contraproposta.<\/p>\n<p>Al\u00e9m do Rio, a Prefeitura de Niter\u00f3i tamb\u00e9m anunciou no final desta tarde que n\u00e3o haver\u00e1 blocos de rua no munic\u00edpio. Al\u00e9m disso, festas tamb\u00e9m tamb\u00e9m n\u00e3o ser\u00e3o autorizadas, inclusive em clubes.<\/p>\n<p>No entanto, foram mantidos os desfiles de escolas de samba na Rua da Concei\u00e7\u00e3o, no Centro. E como acordado com a associa\u00e7\u00e3o das escolas de samba de Niter\u00f3i, os componentes ter\u00e3o que apresentar comprovante de vacina\u00e7\u00e3o e testagem.<\/p>\n<p>Segundo a prefeitura, para assistir os desfiles nas arquibancadas, ser\u00e1 obrigat\u00f3rio o uso de m\u00e1scaras, distanciamento e mediante apresenta\u00e7\u00e3o do passaporte da vacina\u00e7\u00e3o. A prefeitura alerta, no entanto, que dependendo da situa\u00e7\u00e3o da pandemia na cidade e na Regi\u00e3o Metropolitana pelas pr\u00f3ximas semanas, o evento tamb\u00e9m poder\u00e1 ser cancelado.<\/p>\n<p>Al\u00e9m disso, a prefeitura vai iniciar na segunda o funcionamento de um posto avan\u00e7ado de testagem no campus da UFF no Gragoat\u00e1.<\/p>\n<p>Antes mesmo das prefeituras do Rio e Niter\u00f3i anunciarem as medidas, em Maric\u00e1 o prefeito Fabiano Horta (PT) tamb\u00e9m j\u00e1 tinha declarado o cancelamento das festividades em na cidade.<\/p>\n<p>Fonte: Plant\u00e3o Enfoco<\/p>\n","protected":false},"excerpt":{"rendered":"<p>Pelo segundo ano consecutivo n\u00e3o vai ter carnaval de rua no Rio. A decis\u00e3o foi anunciada pelo prefeito Eduardo Paes (PSD), em transmiss\u00e3o feita pela&#8230;<\/p>\n","protected":false},"author":1527,"featured_media":37247,"comment_status":"closed","ping_status":"closed","sticky":false,"template":"","format":"standard","meta":{"footnotes":""},"categories":[6],"tags":[],"class_list":["post-37246","post","type-post","status-publish","format-standard","has-post-thumbnail","hentry","category-noticias"],"_links":{"self":[{"href":"https:\/\/www.sincomam.org.br\/index.php\/wp-json\/wp\/v2\/posts\/37246","targetHints":{"allow":["GET"]}}],"collection":[{"href":"https:\/\/www.sincomam.org.br\/index.php\/wp-json\/wp\/v2\/posts"}],"about":[{"href":"https:\/\/www.sincomam.org.br\/index.php\/wp-json\/wp\/v2\/types\/post"}],"author":[{"embeddable":true,"href":"https:\/\/www.sincomam.org.br\/index.php\/wp-json\/wp\/v2\/users\/1527"}],"replies":[{"embeddable":true,"href":"https:\/\/www.sincomam.org.br\/index.php\/wp-json\/wp\/v2\/comments?post=37246"}],"version-history":[{"count":1,"href":"https:\/\/www.sincomam.org.br\/index.php\/wp-json\/wp\/v2\/posts\/37246\/revisions"}],"predecessor-version":[{"id":37248,"href":"https:\/\/www.sincomam.org.br\/index.php\/wp-json\/wp\/v2\/posts\/37246\/revisions\/37248"}],"wp:featuredmedia":[{"embeddable":true,"href":"https:\/\/www.sincomam.org.br\/index.php\/wp-json\/wp\/v2\/media\/37247"}],"wp:attachment":[{"href":"https:\/\/www.sincomam.org.br\/index.php\/wp-json\/wp\/v2\/media?parent=37246"}],"wp:term":[{"taxonomy":"category","embeddable":true,"href":"https:\/\/www.sincomam.org.br\/index.php\/wp-json\/wp\/v2\/categories?post=37246"},{"taxonomy":"post_tag","embeddable":true,"href":"https:\/\/www.sincomam.org.br\/index.php\/wp-json\/wp\/v2\/tags?post=37246"}],"curies":[{"name":"wp","href":"https:\/\/api.w.org\/{rel}","templated":true}]}}