{"id":37235,"date":"2022-01-04T08:35:26","date_gmt":"2022-01-04T11:35:26","guid":{"rendered":"http:\/\/www.sincomam.org.br\/?p=37235"},"modified":"2022-01-04T03:38:05","modified_gmt":"2022-01-04T06:38:05","slug":"rj-sp-e-ceara-tem-pacientes-com-testes-positivos-para-covid-e-influenza-ao-mesmo-tempo","status":"publish","type":"post","link":"https:\/\/www.sincomam.org.br\/index.php\/rj-sp-e-ceara-tem-pacientes-com-testes-positivos-para-covid-e-influenza-ao-mesmo-tempo\/","title":{"rendered":"RJ, SP e Cear\u00e1 t\u00eam pacientes com testes positivos para Covid e Influenza ao mesmo tempo"},"content":{"rendered":"<p>Ao menos tr\u00eas estados brasileiros \u2013 Rio de Janeiro, Cear\u00e1 e S\u00e3o Paulo \u2013 t\u00eam relatos de testes positivos tanto para a Covid como para a \u2013 o que tem sido chamado de &#8220;flurona&#8221;. Especialistas dizem que a tend\u00eancia \u00e9 aumentar a incid\u00eancia da dupla infec\u00e7\u00e3o.<\/p>\n<p>No \u00faltimo s\u00e1bado (1\u00ba), o governo de Israel registrou, pela primeira vez, um caso dessa dupla infec\u00e7\u00e3o em uma mesma pessoa. A condi\u00e7\u00e3o ficou conhecida como flurona, uma jun\u00e7\u00e3o das palavras &#8220;flu&#8221;, que \u00e9 gripe em ingl\u00eas, com parte da palavra &#8220;coronav\u00edrus&#8221;.<\/p>\n<p><strong>Dois casos no RJ<\/strong><br \/>\nNo RJ, um adolescente de 16 anos testou positivo para as duas doen\u00e7as. A fam\u00edlia do jovem informa ter feito testes em dois laborat\u00f3rios particulares diferentes.<\/p>\n<p>O paciente come\u00e7ou a ter sintomas de gripe na semana passada. Os pais decidiram lev\u00e1-lo a um laborat\u00f3rio particular, onde ele foi submetido a testes r\u00e1pidos de Covid e Influenza \u2013 ambos os resultados foram positivos.<\/p>\n<p>Desconfiados do resultado, os pais decidiram levar o adolescente a outro laborat\u00f3rio para um exame PCR. Mais uma vez, os resultados foram positivos.<\/p>\n<p>Ainda de acordo com ela, apesar de n\u00e3o apresentar sintomas, o jovem vai cumprir todo o per\u00edodo de isolamento.<\/p>\n<p>Segundo informa\u00e7\u00f5es da TV Globo, um segundo caso foi confirmado pela Secretaria Municipal de Sa\u00fade do Rio.<\/p>\n<p><strong>Tr\u00eas casos em Fortaleza<\/strong><br \/>\nTr\u00eas pacientes de Fortaleza, entre eles dois beb\u00eas de 1 ano, tiveram o diagn\u00f3stico das duas doen\u00e7as simult\u00e2neas desde o aumento dos casos de s\u00edndromes gripais, em dezembro.<\/p>\n<p>Segundo a Secretaria da Sa\u00fade do Cear\u00e1 (Sesa), as crian\u00e7as estiveram internadas em unidades particulares, sem agravamento do quadro cl\u00ednico e j\u00e1 receberam alta hospitalar. O terceiro paciente \u00e9 um homem de 52 anos que n\u00e3o precisou de interna\u00e7\u00e3o e cumpre isolamento.<\/p>\n<p><strong>S\u00e3o Paulo<\/strong><br \/>\nUm dos relatos em S\u00e3o Paulo foi o da jornalista Giulia Fernandez, que recebeu a confirma\u00e7\u00e3o par Covid-19 e Influenza na mesma ocasi\u00e3o. Os testes foram feitos no dia 20 de dezembro em um hospital particular.<\/p>\n<p>&#8220;Como meus sintomas come\u00e7aram no mesmo dia e fiz teste no mesmo dia, e os dois deram positivo, o per\u00edodo de isolamento foi o mesmo, 10 dias. Mas foram dias muito complicados, quatro dias de cama que eu n\u00e3o conseguia levantar, e a partir disso fui melhorando aos pouquinhos&#8221;, contou.<\/p>\n<p>Dupla infec\u00e7\u00e3o deve crescer, dizem especialistas<br \/>\nPara especialistas, a dupla infec\u00e7\u00e3o deve aumentar, j\u00e1 que os dois v\u00edrus est\u00e3o circulando ao mesmo tempo e s\u00e3o altamente transmiss\u00edveis. Por isso, alertam, \u00e9 preciso estar com a vacina\u00e7\u00e3o em dia.<\/p>\n<p>&#8220;Al\u00e9m da pandemia de Covid, o Rio vive uma epidemia de Influenza. Por isso, os casos de coinfec\u00e7\u00e3o podem ocorrer. Aqueles que foram vacinados contra Covid e contra Influenza tendem a evoluir de uma forma muito boa. Entretanto, quem n\u00e3o se vacinou pode evoluir com mais gravidade&#8221;, disse Roberto Medronho, infectologia da UFRJ.<\/p>\n<p>Ela falou sobre a import\u00e2ncia da testagem: &#8220;Por isso, \u00e9 important\u00edssimo que as pessoas testem. O diagn\u00f3stico vai ser fundamental para que o m\u00e9dico oriente o tratamento adequado e tamb\u00e9m o tempo de isolamento&#8221;.<\/p>\n<p><strong>O que diz a Secretaria de Sa\u00fade do RJ<\/strong><br \/>\nPor meio de nota, a Secretaria Estadual de Sa\u00fade informou que, at\u00e9 o momento, n\u00e3o h\u00e1 nenhum caso confirmado de dupla infec\u00e7\u00e3o.<\/p>\n<p>Ainda de acordo com o \u00f3rg\u00e3o, em geral os casos s\u00e3o notificados pela doen\u00e7a mais grave &#8211; na situa\u00e7\u00e3o espec\u00edfica, a Covid-19.<\/p>\n<p>A secretaria informou, ainda, que n\u00e3o existem estudos para saber quais as consequ\u00eancias para os pacientes que tenham as duas infec\u00e7\u00f5es.<\/p>\n<p>Fonte: G1<\/p>\n","protected":false},"excerpt":{"rendered":"<p>Ao menos tr\u00eas estados brasileiros \u2013 Rio de Janeiro, Cear\u00e1 e S\u00e3o Paulo \u2013 t\u00eam relatos de testes positivos tanto para a Covid como para&#8230;<\/p>\n","protected":false},"author":1527,"featured_media":30047,"comment_status":"closed","ping_status":"closed","sticky":false,"template":"","format":"standard","meta":{"footnotes":""},"categories":[6],"tags":[],"class_list":["post-37235","post","type-post","status-publish","format-standard","has-post-thumbnail","hentry","category-noticias"],"_links":{"self":[{"href":"https:\/\/www.sincomam.org.br\/index.php\/wp-json\/wp\/v2\/posts\/37235","targetHints":{"allow":["GET"]}}],"collection":[{"href":"https:\/\/www.sincomam.org.br\/index.php\/wp-json\/wp\/v2\/posts"}],"about":[{"href":"https:\/\/www.sincomam.org.br\/index.php\/wp-json\/wp\/v2\/types\/post"}],"author":[{"embeddable":true,"href":"https:\/\/www.sincomam.org.br\/index.php\/wp-json\/wp\/v2\/users\/1527"}],"replies":[{"embeddable":true,"href":"https:\/\/www.sincomam.org.br\/index.php\/wp-json\/wp\/v2\/comments?post=37235"}],"version-history":[{"count":1,"href":"https:\/\/www.sincomam.org.br\/index.php\/wp-json\/wp\/v2\/posts\/37235\/revisions"}],"predecessor-version":[{"id":37236,"href":"https:\/\/www.sincomam.org.br\/index.php\/wp-json\/wp\/v2\/posts\/37235\/revisions\/37236"}],"wp:featuredmedia":[{"embeddable":true,"href":"https:\/\/www.sincomam.org.br\/index.php\/wp-json\/wp\/v2\/media\/30047"}],"wp:attachment":[{"href":"https:\/\/www.sincomam.org.br\/index.php\/wp-json\/wp\/v2\/media?parent=37235"}],"wp:term":[{"taxonomy":"category","embeddable":true,"href":"https:\/\/www.sincomam.org.br\/index.php\/wp-json\/wp\/v2\/categories?post=37235"},{"taxonomy":"post_tag","embeddable":true,"href":"https:\/\/www.sincomam.org.br\/index.php\/wp-json\/wp\/v2\/tags?post=37235"}],"curies":[{"name":"wp","href":"https:\/\/api.w.org\/{rel}","templated":true}]}}