{"id":37228,"date":"2022-01-04T08:31:31","date_gmt":"2022-01-04T11:31:31","guid":{"rendered":"http:\/\/www.sincomam.org.br\/?p=37228"},"modified":"2022-01-04T03:33:03","modified_gmt":"2022-01-04T06:33:03","slug":"argentina-estende-suspensao-de-exportacao-de-alguns-cortes-de-carne-ate-o-fim-de-2023","status":"publish","type":"post","link":"https:\/\/www.sincomam.org.br\/index.php\/argentina-estende-suspensao-de-exportacao-de-alguns-cortes-de-carne-ate-o-fim-de-2023\/","title":{"rendered":"ARGENTINA ESTENDE SUSPENS\u00c3O DE EXPORTA\u00c7\u00c3O DE ALGUNS CORTES DE CARNE AT\u00c9 O FIM DE 2023"},"content":{"rendered":"<p>\u201cAs medidas contribuem para gerar um equil\u00edbrio entre o mercado argentino e a exporta\u00e7\u00e3o de produtos c\u00e1rneos\u201d, afirma a portaria publicada no Di\u00e1rio Oficial (Imagem: REUTERS\/Paulo Whitaker)<\/p>\n<p>O governo argentino estendeu nesta segunda-feira a suspens\u00e3o das exporta\u00e7\u00f5es de certos cortes de carne bovina com pouca demanda internacional at\u00e9 31 de dezembro de 2023, medida previamente acertada com a ind\u00fastria do setor.<br \/>\n\u201cAs medidas contribuem para gerar um equil\u00edbrio entre o mercado argentino e a exporta\u00e7\u00e3o de produtos c\u00e1rneos\u201d, afirma a portaria publicada no Di\u00e1rio Oficial.<\/p>\n<p>\u201cA administra\u00e7\u00e3o de exporta\u00e7\u00e3o \u00e9 estabelecida para certos cortes de carne bovina preferidos pelo mercado argentino e para consumo massivo\u201d, acrescenta a publica\u00e7\u00e3o.<\/p>\n<p>Fonte: Moneytime<\/p>\n","protected":false},"excerpt":{"rendered":"<p>\u201cAs medidas contribuem para gerar um equil\u00edbrio entre o mercado argentino e a exporta\u00e7\u00e3o de produtos c\u00e1rneos\u201d, afirma a portaria publicada no Di\u00e1rio Oficial (Imagem:&#8230;<\/p>\n","protected":false},"author":1527,"featured_media":37229,"comment_status":"closed","ping_status":"closed","sticky":false,"template":"","format":"standard","meta":{"footnotes":""},"categories":[6],"tags":[],"class_list":["post-37228","post","type-post","status-publish","format-standard","has-post-thumbnail","hentry","category-noticias"],"_links":{"self":[{"href":"https:\/\/www.sincomam.org.br\/index.php\/wp-json\/wp\/v2\/posts\/37228","targetHints":{"allow":["GET"]}}],"collection":[{"href":"https:\/\/www.sincomam.org.br\/index.php\/wp-json\/wp\/v2\/posts"}],"about":[{"href":"https:\/\/www.sincomam.org.br\/index.php\/wp-json\/wp\/v2\/types\/post"}],"author":[{"embeddable":true,"href":"https:\/\/www.sincomam.org.br\/index.php\/wp-json\/wp\/v2\/users\/1527"}],"replies":[{"embeddable":true,"href":"https:\/\/www.sincomam.org.br\/index.php\/wp-json\/wp\/v2\/comments?post=37228"}],"version-history":[{"count":1,"href":"https:\/\/www.sincomam.org.br\/index.php\/wp-json\/wp\/v2\/posts\/37228\/revisions"}],"predecessor-version":[{"id":37230,"href":"https:\/\/www.sincomam.org.br\/index.php\/wp-json\/wp\/v2\/posts\/37228\/revisions\/37230"}],"wp:featuredmedia":[{"embeddable":true,"href":"https:\/\/www.sincomam.org.br\/index.php\/wp-json\/wp\/v2\/media\/37229"}],"wp:attachment":[{"href":"https:\/\/www.sincomam.org.br\/index.php\/wp-json\/wp\/v2\/media?parent=37228"}],"wp:term":[{"taxonomy":"category","embeddable":true,"href":"https:\/\/www.sincomam.org.br\/index.php\/wp-json\/wp\/v2\/categories?post=37228"},{"taxonomy":"post_tag","embeddable":true,"href":"https:\/\/www.sincomam.org.br\/index.php\/wp-json\/wp\/v2\/tags?post=37228"}],"curies":[{"name":"wp","href":"https:\/\/api.w.org\/{rel}","templated":true}]}}