{"id":37222,"date":"2022-01-04T08:30:42","date_gmt":"2022-01-04T11:30:42","guid":{"rendered":"http:\/\/www.sincomam.org.br\/?p=37222"},"modified":"2022-01-04T03:19:15","modified_gmt":"2022-01-04T06:19:15","slug":"navio-escola-brasil-atraca-no-porto-de-fortaleza-antes-de-encerrar-a-35a-viagem-de-instrucao-de-guardas-marinha","status":"publish","type":"post","link":"https:\/\/www.sincomam.org.br\/index.php\/navio-escola-brasil-atraca-no-porto-de-fortaleza-antes-de-encerrar-a-35a-viagem-de-instrucao-de-guardas-marinha\/","title":{"rendered":"NAVIO-ESCOLA \u201cBRASIL\u201d ATRACA NO PORTO DE FORTALEZA ANTES DE ENCERRAR A 35\u00aa VIAGEM DE INSTRU\u00c7\u00c3O DE GUARDAS-MARINHA"},"content":{"rendered":"<p>O Porto de Fortaleza recebeu o Navio-Escola \u201cBrasil\u201d (NE Brasil). Foi a pen\u00faltima atraca\u00e7\u00e3o desta que \u00e9 a 35\u00aa Viagem de Instru\u00e7\u00e3o de GuardasMarinha (XXXV VIGM), que j\u00e1 seguiu na manh\u00e3 desta segunda-feira (03) para o Rio de Janeiro. O cronograma incluiu 13 portos em 11 pa\u00edses, com in\u00edcio da viagem no dia 04 de agosto do ano passado em Natal (BRA), depois passando por Mindelo (CPV), Lisboa (PRT), Hamburgo (DEU), Londres (GBR), Koper (SVN), Pireu (GRC), Civitavecchia (ITA), Toulon (FRA), Ponta Delgada (PRT), Ft. Lauderdale (USA), Cartagena (COL), Fortaleza (BRA) e encerrando no dia 09 de janeiro de 2021 no Rio de Janeiro (BRA).<\/p>\n<p>O atual comandante do navio \u00e9 o Capit\u00e3o de Mar e Guerra Marcelo do Nascimento Marcelino, que assumiu o cargo em 26 de fevereiro de 2021. A tripula\u00e7\u00e3o \u00e9 composta por 32 Oficiais e 219 Pra\u00e7as. H\u00e1 ainda 178 Segundos-Tenentes, incluindo um de Honduras, todos oriundos da Escola Naval, al\u00e9m de convidados do Ex\u00e9rcito Brasileiro, da For\u00e7a A\u00e9rea Brasileira, da Marinha Mercante Nacional, do quadro de servidores civis da Marinha e de Marinhas amigas como Camar\u00f5es, Uruguai, Reino Unido e Chile.<\/p>\n<p>O NE Brasil tem a miss\u00e3o de prover instru\u00e7\u00e3o pr\u00e1tica aos Guardas-Marinha (GM) e mostrar bandeira, quando em viagem ao exterior, a fim de contribuir para a forma\u00e7\u00e3o profissional e cultural dos futuros Oficiais e o estreitamento de la\u00e7os com as na\u00e7\u00f5es amigas. Durante a<br \/>\nVIGM, s\u00e3o ministradas aulas pr\u00e1ticas de navega\u00e7\u00e3o, meteorologia, marinharia, opera\u00e7\u00f5es navais, controle de avarias e administra\u00e7\u00e3o naval, bem como \u00e9 conduzida a importante fase de adapta\u00e7\u00e3o \u00e0 vida de bordo.<\/p>\n<p>No dia 22 de dezembro de 2021, os GM foram nomeados ao posto de Segundo-Tenente, estando prontos para serem distribu\u00eddos por todo o pa\u00eds, nos diversos navios e organiza\u00e7\u00f5es militares da Marinha. Nesta viagem, devido \u00e0 pandemia da Covid-19, o navio adotou um protocolo de seguran\u00e7a especial, com medidas sanit\u00e1rias e monitoramento m\u00e9dico da tripula\u00e7\u00e3o. Em face da situa\u00e7\u00e3o atual, excepcionalmente, n\u00e3o foi aberto \u00e0 visita\u00e7\u00e3o p\u00fablica.<\/p>\n<p><strong>Saiba mais:<\/strong><\/p>\n<p>O Navio-Escola \u201cBrasil\u201d foi constru\u00eddo pelo Arsenal de Marinha do Rio de Janeiro, a partir de um projeto desenvolvido pela Diretoria de Engenharia Naval, ambos \u00f3rg\u00e3os da Marinha do Brasil. Sua constru\u00e7\u00e3o foi iniciada em setembro de 1981 e, ap\u00f3s dois anos, no dia 23 de<br \/>\nsetembro de 1983, o navio foi lan\u00e7ado ao mar, tendo sido incorporado \u00e0 Marinha em 21 de agosto de 1986.<\/p>\n<p>O NE Brasil tem sido motivo de orgulho para todos os brasileiros e de admira\u00e7\u00e3o e respeito por parte de todos os estrangeiros que t\u00eam a oportunidade de visit\u00e1-lo nos diversos portos de escala. Ao longo de sua vida, o Navio tem recebido diversas atualiza\u00e7\u00f5es tecnol\u00f3gicas com a finalidade de oferecer um padr\u00e3o de excel\u00eancia aos futuros Oficiais da Marinha.<\/p>\n<p>A maioria dessas atualiza\u00e7\u00f5es \u00e9 proveniente de projetos desenvolvidos tanto pela Marinha do Brasil quanto por empresas nacionais, destacando-se um sistema de simula\u00e7\u00e3o t\u00e1tica e treinamento, importante recurso instrucional de opera\u00e7\u00f5es navais; um centro de integra\u00e7\u00e3o<br \/>\nde sensores para navega\u00e7\u00e3o eletr\u00f4nica; um sistema de controle de avarias; e um sistema de controle e monitoramento da propuls\u00e3o.<\/p>\n<p>Fonte: Informativo dos Portos<\/p>\n<p>&nbsp;<\/p>\n","protected":false},"excerpt":{"rendered":"<p>O Porto de Fortaleza recebeu o Navio-Escola \u201cBrasil\u201d (NE Brasil). Foi a pen\u00faltima atraca\u00e7\u00e3o desta que \u00e9 a 35\u00aa Viagem de Instru\u00e7\u00e3o de GuardasMarinha (XXXV&#8230;<\/p>\n","protected":false},"author":1527,"featured_media":37223,"comment_status":"closed","ping_status":"closed","sticky":false,"template":"","format":"standard","meta":{"footnotes":""},"categories":[6],"tags":[],"class_list":["post-37222","post","type-post","status-publish","format-standard","has-post-thumbnail","hentry","category-noticias"],"_links":{"self":[{"href":"https:\/\/www.sincomam.org.br\/index.php\/wp-json\/wp\/v2\/posts\/37222","targetHints":{"allow":["GET"]}}],"collection":[{"href":"https:\/\/www.sincomam.org.br\/index.php\/wp-json\/wp\/v2\/posts"}],"about":[{"href":"https:\/\/www.sincomam.org.br\/index.php\/wp-json\/wp\/v2\/types\/post"}],"author":[{"embeddable":true,"href":"https:\/\/www.sincomam.org.br\/index.php\/wp-json\/wp\/v2\/users\/1527"}],"replies":[{"embeddable":true,"href":"https:\/\/www.sincomam.org.br\/index.php\/wp-json\/wp\/v2\/comments?post=37222"}],"version-history":[{"count":1,"href":"https:\/\/www.sincomam.org.br\/index.php\/wp-json\/wp\/v2\/posts\/37222\/revisions"}],"predecessor-version":[{"id":37224,"href":"https:\/\/www.sincomam.org.br\/index.php\/wp-json\/wp\/v2\/posts\/37222\/revisions\/37224"}],"wp:featuredmedia":[{"embeddable":true,"href":"https:\/\/www.sincomam.org.br\/index.php\/wp-json\/wp\/v2\/media\/37223"}],"wp:attachment":[{"href":"https:\/\/www.sincomam.org.br\/index.php\/wp-json\/wp\/v2\/media?parent=37222"}],"wp:term":[{"taxonomy":"category","embeddable":true,"href":"https:\/\/www.sincomam.org.br\/index.php\/wp-json\/wp\/v2\/categories?post=37222"},{"taxonomy":"post_tag","embeddable":true,"href":"https:\/\/www.sincomam.org.br\/index.php\/wp-json\/wp\/v2\/tags?post=37222"}],"curies":[{"name":"wp","href":"https:\/\/api.w.org\/{rel}","templated":true}]}}