{"id":37217,"date":"2022-01-04T08:30:00","date_gmt":"2022-01-04T11:30:00","guid":{"rendered":"http:\/\/www.sincomam.org.br\/?p=37217"},"modified":"2022-01-04T03:09:39","modified_gmt":"2022-01-04T06:09:39","slug":"rio-inicia-amanha-nova-etapa-de-vacinacao-com-dose-de-reforco","status":"publish","type":"post","link":"https:\/\/www.sincomam.org.br\/index.php\/rio-inicia-amanha-nova-etapa-de-vacinacao-com-dose-de-reforco\/","title":{"rendered":"Rio inicia nova etapa de vacina\u00e7\u00e3o com dose de refor\u00e7o"},"content":{"rendered":"<p>O Rio de Janeiro ter\u00e1 mais uma etapa de vacina\u00e7\u00e3o contra covid-19 nesta ter\u00e7a-feira (4), informa a Secretaria Estadual de Sa\u00fade (SES) do estado. Pessoas com mais de 18 anos e que est\u00e3o com o ciclo vacinal regular completo h\u00e1 pelo menos 4 meses poder\u00e3o tomar a dose de refor\u00e7o nos postos de sa\u00fade.<img decoding=\"async\" src=\"https:\/\/agenciabrasil.ebc.com.br\/ebc.png?id=1435110&amp;o=node\" \/><img decoding=\"async\" src=\"https:\/\/agenciabrasil.ebc.com.br\/ebc.gif?id=1435110&amp;o=node\" \/><\/p>\n<p>Pessoas imunossuprimidas &#8211; aquelas que t\u00eam doen\u00e7as que fragilizam o sistema imunol\u00f3gico natural, tais como l\u00fapus, c\u00e2ncer e doen\u00e7a de Crohn tamb\u00e9m poder\u00e3o tomar a nova dose.<\/p>\n<p>A SES informa que o p\u00fablico com 12 anos ou mais tamb\u00e9m pode ser imunizado, respeitado o intervalo indicado pelos fabricantes de cada tipo de vacina: para a AstraZeneca, 12 semanas; para a CoronaVac, 28 dias; e 21 dias para a ComiRNAty, da Pfizer.<\/p>\n<p>Quem vai receber a vacina deve apresentar identifica\u00e7\u00e3o original com foto, n\u00famero do CPF e, se poss\u00edvel, a caderneta de vacina\u00e7\u00e3o. Para a segunda dose e a dose de refor\u00e7o \u00e9 importante levar tamb\u00e9m o comprovante de vacina\u00e7\u00e3o.<\/p>\n<p>A secretaria informa ainda que \u201c\u00e9 poss\u00edvel antecipar a dose de refor\u00e7o at\u00e9 o intervalo m\u00ednimo de tr\u00eas meses em casos de viagem, problemas de sa\u00fade e outras quest\u00f5es pessoais\u201d. D\u00favidas e demais orienta\u00e7\u00f5es podem ser encontradas nas unidades de Aten\u00e7\u00e3o Prim\u00e1ria \u00e0 Sa\u00fade.<\/p>\n<p>Fonte: Ag\u00eancia Brasil<\/p>\n","protected":false},"excerpt":{"rendered":"<p>O Rio de Janeiro ter\u00e1 mais uma etapa de vacina\u00e7\u00e3o contra covid-19 nesta ter\u00e7a-feira (4), informa a Secretaria Estadual de Sa\u00fade (SES) do estado. Pessoas&#8230;<\/p>\n","protected":false},"author":1527,"featured_media":29316,"comment_status":"closed","ping_status":"closed","sticky":false,"template":"","format":"standard","meta":{"footnotes":""},"categories":[6],"tags":[],"class_list":["post-37217","post","type-post","status-publish","format-standard","has-post-thumbnail","hentry","category-noticias"],"_links":{"self":[{"href":"https:\/\/www.sincomam.org.br\/index.php\/wp-json\/wp\/v2\/posts\/37217","targetHints":{"allow":["GET"]}}],"collection":[{"href":"https:\/\/www.sincomam.org.br\/index.php\/wp-json\/wp\/v2\/posts"}],"about":[{"href":"https:\/\/www.sincomam.org.br\/index.php\/wp-json\/wp\/v2\/types\/post"}],"author":[{"embeddable":true,"href":"https:\/\/www.sincomam.org.br\/index.php\/wp-json\/wp\/v2\/users\/1527"}],"replies":[{"embeddable":true,"href":"https:\/\/www.sincomam.org.br\/index.php\/wp-json\/wp\/v2\/comments?post=37217"}],"version-history":[{"count":2,"href":"https:\/\/www.sincomam.org.br\/index.php\/wp-json\/wp\/v2\/posts\/37217\/revisions"}],"predecessor-version":[{"id":37219,"href":"https:\/\/www.sincomam.org.br\/index.php\/wp-json\/wp\/v2\/posts\/37217\/revisions\/37219"}],"wp:featuredmedia":[{"embeddable":true,"href":"https:\/\/www.sincomam.org.br\/index.php\/wp-json\/wp\/v2\/media\/29316"}],"wp:attachment":[{"href":"https:\/\/www.sincomam.org.br\/index.php\/wp-json\/wp\/v2\/media?parent=37217"}],"wp:term":[{"taxonomy":"category","embeddable":true,"href":"https:\/\/www.sincomam.org.br\/index.php\/wp-json\/wp\/v2\/categories?post=37217"},{"taxonomy":"post_tag","embeddable":true,"href":"https:\/\/www.sincomam.org.br\/index.php\/wp-json\/wp\/v2\/tags?post=37217"}],"curies":[{"name":"wp","href":"https:\/\/api.w.org\/{rel}","templated":true}]}}