{"id":37212,"date":"2022-01-03T10:33:41","date_gmt":"2022-01-03T13:33:41","guid":{"rendered":"http:\/\/www.sincomam.org.br\/?p=37212"},"modified":"2022-01-03T10:33:41","modified_gmt":"2022-01-03T13:33:41","slug":"covid-19-rio-tem-228-vacinados-com-dose-de-reforco","status":"publish","type":"post","link":"https:\/\/www.sincomam.org.br\/index.php\/covid-19-rio-tem-228-vacinados-com-dose-de-reforco\/","title":{"rendered":"Covid-19: Rio tem 22,8% vacinados com dose de refor\u00e7o"},"content":{"rendered":"<p>A cidade do Rio de Janeiro vacina hoje (3), com a dose de refor\u00e7o contra a covid-19, quem tem 55 anos de idade ou mais. Para receber o imunizante \u00e9 preciso ter sido vacinado com a segunda dose h\u00e1 pelo menos tr\u00eas meses.<img decoding=\"async\" src=\"https:\/\/agenciabrasil.ebc.com.br\/ebc.png?id=1434933&amp;o=node\" \/><img decoding=\"async\" src=\"https:\/\/agenciabrasil.ebc.com.br\/ebc.gif?id=1434933&amp;o=node\" \/>\u00a0Tamb\u00e9m est\u00e3o sendo vacinados pacientes com alto grau de imunossupress\u00e3o que tenham 12 anos ou mais e pessoas com 18 anos ou mais que tomaram a segunda dose h\u00e1 pelo menos quatro meses.<\/p>\n<p>No Rio, j\u00e1 receberam a dose de refor\u00e7o 1,54 milh\u00e3o de pessoas, ou seja, 22,8% da popula\u00e7\u00e3o e 29,1% da popula\u00e7\u00e3o adulta.\u00a0Com a segunda dose, foram imunizados 80,7% da popula\u00e7\u00e3o total e 96,7% da popula\u00e7\u00e3o adulta.<\/p>\n<p>Fonte: Ag\u00eancia Brasil<\/p>\n","protected":false},"excerpt":{"rendered":"<p>A cidade do Rio de Janeiro vacina hoje (3), com a dose de refor\u00e7o contra a covid-19, quem tem 55 anos de idade ou mais&#8230;.<\/p>\n","protected":false},"author":1527,"featured_media":36860,"comment_status":"closed","ping_status":"closed","sticky":false,"template":"","format":"standard","meta":{"footnotes":""},"categories":[6],"tags":[],"class_list":["post-37212","post","type-post","status-publish","format-standard","has-post-thumbnail","hentry","category-noticias"],"_links":{"self":[{"href":"https:\/\/www.sincomam.org.br\/index.php\/wp-json\/wp\/v2\/posts\/37212","targetHints":{"allow":["GET"]}}],"collection":[{"href":"https:\/\/www.sincomam.org.br\/index.php\/wp-json\/wp\/v2\/posts"}],"about":[{"href":"https:\/\/www.sincomam.org.br\/index.php\/wp-json\/wp\/v2\/types\/post"}],"author":[{"embeddable":true,"href":"https:\/\/www.sincomam.org.br\/index.php\/wp-json\/wp\/v2\/users\/1527"}],"replies":[{"embeddable":true,"href":"https:\/\/www.sincomam.org.br\/index.php\/wp-json\/wp\/v2\/comments?post=37212"}],"version-history":[{"count":1,"href":"https:\/\/www.sincomam.org.br\/index.php\/wp-json\/wp\/v2\/posts\/37212\/revisions"}],"predecessor-version":[{"id":37213,"href":"https:\/\/www.sincomam.org.br\/index.php\/wp-json\/wp\/v2\/posts\/37212\/revisions\/37213"}],"wp:featuredmedia":[{"embeddable":true,"href":"https:\/\/www.sincomam.org.br\/index.php\/wp-json\/wp\/v2\/media\/36860"}],"wp:attachment":[{"href":"https:\/\/www.sincomam.org.br\/index.php\/wp-json\/wp\/v2\/media?parent=37212"}],"wp:term":[{"taxonomy":"category","embeddable":true,"href":"https:\/\/www.sincomam.org.br\/index.php\/wp-json\/wp\/v2\/categories?post=37212"},{"taxonomy":"post_tag","embeddable":true,"href":"https:\/\/www.sincomam.org.br\/index.php\/wp-json\/wp\/v2\/tags?post=37212"}],"curies":[{"name":"wp","href":"https:\/\/api.w.org\/{rel}","templated":true}]}}