{"id":37210,"date":"2022-01-03T10:21:43","date_gmt":"2022-01-03T13:21:43","guid":{"rendered":"http:\/\/www.sincomam.org.br\/?p=37210"},"modified":"2022-01-03T10:22:42","modified_gmt":"2022-01-03T13:22:42","slug":"salario-minimo-vale-gas-pis-o-que-muda-em-2022-que-pode-afetar-seu-bolso","status":"publish","type":"post","link":"https:\/\/www.sincomam.org.br\/index.php\/salario-minimo-vale-gas-pis-o-que-muda-em-2022-que-pode-afetar-seu-bolso\/","title":{"rendered":"Sal\u00e1rio m\u00ednimo, vale-g\u00e1s, PIS: o que muda em 2022 que pode afetar seu bolso"},"content":{"rendered":"<p>O brasileiro entra no novo ano com um novo valor para o sal\u00e1rio m\u00ednimo e para benef\u00edcios previdenci\u00e1rios e sociais, e tamb\u00e9m com a promessa de amplia\u00e7\u00e3o do alcance de programas como o Aux\u00edlio Brasil, Tarifa Social de Energia e vale-g\u00e1s. Depois de um 2021 marcado pela infla\u00e7\u00e3o nas alturas e pela forte alta da taxa de juros, 2022 come\u00e7a com o cr\u00e9dito mais caro e com a press\u00e3o de reajustes tradicionais de come\u00e7o de ano como mensalidades escolares, IPTU, IPVA, e tarifa de transportes p\u00fablicos.<\/p>\n<p><strong>Sal\u00e1rio m\u00ednimo<\/strong><br \/>\nO sal\u00e1rio m\u00ednimo ser\u00e1 de R$ 1.212 em 2022. O valor representa uma alta de R$ 112, ou 10,18%, em rela\u00e7\u00e3o aos R$ 1.100 vigentes ao longo de 2021, sem ganho acima da infla\u00e7\u00e3o pelo terceiro ano seguido. Al\u00e9m de aposentadorias e sal\u00e1rios, o novo m\u00ednimo vai mudar tamb\u00e9m os valores de benef\u00edcios como PIS\/Pasep e seguro-desemprego.<\/p>\n<p><strong>Aux\u00edlio Brasil<\/strong><br \/>\nOs pagamentos de R$ 400 do Aux\u00edlio Brasil come\u00e7aram em dezembro de 2021, mas o substituto do Bolsa Fam\u00edlia chega em 2022 com a promessa de inclus\u00e3o de novos benefici\u00e1rios, alcan\u00e7ando &#8220;cerca de 18 milh\u00f5es de fam\u00edlias&#8221;.\u00a0A terceira parcela do Aux\u00edlio Brasil come\u00e7ar\u00e1 a ser paga em 18 de janeiro. Quem recebia a Bolsa Fam\u00edlia foi automaticamente inclu\u00eddo no Aux\u00edlio Brasil. O Minist\u00e9rio da Cidadania promete adicionar mais 2,7 milh\u00f5es de benefici\u00e1rios em janeiro, &#8220;zerando a fila de espera do ano de 2021&#8221;. N\u00e3o h\u00e1, entretanto, garantia de expans\u00e3o do programa para al\u00e9m desse adicional de 2,7 milh\u00f5es de fam\u00edlias. O que est\u00e1 definido \u00e9 que fam\u00edlias inscritas no Cadastro \u00danico e em situa\u00e7\u00e3o de maior vulnerabilidade social ter\u00e3o prioridade entre os novos benefici\u00e1rios. Saiba como se inscrever.<\/p>\n<p><strong>Vale-g\u00e1s<\/strong><br \/>\nO novo benef\u00edcio come\u00e7ou a ser pago em dezembro, no valor de R$ 52, mas apenas nas cidades de Minas Gerais e Bahia atingidas pelas chuvas.\u00a0O calend\u00e1rio regular de pagamentos come\u00e7a no dia 18 de janeiro, seguindo as datas do Aux\u00edlio Brasil.\u00a0Ao todo, cerca de 5,5 milh\u00f5es est\u00e3o eleg\u00edveis para receber o vale-g\u00e1s, segundo o Minist\u00e9rio da Cidadania. Os crit\u00e9rios de participa\u00e7\u00e3o s\u00e3o: fam\u00edlias inscritas no Cadastro \u00danico com renda per capita menor ou igual a meio sal\u00e1rio m\u00ednimo e integrantes do Benef\u00edcio de Presta\u00e7\u00e3o Continuada (BPC).<\/p>\n<p>A lei que institui o programa &#8220;Aux\u00edlio G\u00e1s dos Brasileiros&#8221; estabelece que os beneficiados ter\u00e3o direito, a cada dois meses, a um valor correspondente a uma parcela de, no m\u00ednimo, 50% da m\u00e9dia do pre\u00e7o nacional de refer\u00eancia do botij\u00e3o de 13 kg.<\/p>\n<p><strong>Tarifa Social de Energia<\/strong><br \/>\nA partir de 2022, as fam\u00edlias inscritas no Cadastro \u00danico (Cad\u00danico) ou no Benef\u00edcio de Presta\u00e7\u00e3o Continuada (BPC) ser\u00e3o inclu\u00eddas automaticamente pelas distribuidoras na Tarifa Social de Energia El\u00e9trica.\u00a0O subs\u00eddio corresponde a um desconto na conta de luz, que varia de 10% a 65%, at\u00e9 o limite de consumo de 220 kWh (quilowatts-hora por m\u00eas).\u00a0Atualmente, 12,4 milh\u00f5es de fam\u00edlias s\u00e3o beneficiadas com a Tarifa Social. A Ag\u00eancia Nacional de Energia El\u00e9trica (Aneel) estima que 11,3 milh\u00f5es de fam\u00edlias podem ser inclu\u00eddas no programa a partir de janeiro.<\/p>\n<p><strong>Juros e cr\u00e9dito mais caro<\/strong><br \/>\nOs juros devem continuar em alta em 2022, em meios aos esfor\u00e7os do Banco Central para conter a alta da infla\u00e7\u00e3o e preocupa\u00e7\u00f5es com a trajet\u00f3ria a d\u00edvida p\u00fablica. Atualmente, a Selic est\u00e1 em 9,25% ao ano, maior patamar em mais de quatro anos.\u00a0O cr\u00e9dito mais caro o que encarece o custo de empr\u00e9stimos e financiamentos e tamb\u00e9m aumenta o risco da inadimpl\u00eancia.\u00a0A previs\u00e3o dos analistas consultados pelo relat\u00f3rio Focus, do Banco Central, \u00e9 que a taxa b\u00e1sica de juros (Selic) continue subindo, encerrando o ano em 11,50% ao ano.<\/p>\n<p><strong>Regras para empr\u00e9stimo consignado mudam<\/strong><br \/>\nA partir de 2022, volta a valer a regra anterior para aposentados e pensionistas tomarem empr\u00e9stimos consignados. A chamada margem de empr\u00e9stimo consignado volta para 35%, sendo 30% para o pagamento de empr\u00e9stimos pessoais e 5% para despesas com cart\u00e3o de cr\u00e9dito.\u00a0Ou seja, o limite de comprometimento da renda com empr\u00e9stimos passa a ser menor. Durante a pandemia, essa margem tinha sido ampliada para 40%, mas o prazo de validade terminou em dezembro de 2021.\u00a0O empr\u00e9stimo consignado \u00e9 aquele descontado diretamente do contracheque da pessoa que tomar o empr\u00e9stimo. A modalidade geralmente apresenta algumas das menores taxas de juros do mercado por conta do baixo risco de inadimpl\u00eancia.<\/p>\n<p>J\u00e1 o teto dos juros do cr\u00e9dito consignado para aposentados e pensionistas do Instituto Nacional do Seguro Social (INSS), subiu no final de dezembro, passando a ter limite de at\u00e9 3% ao m\u00eas. Para opera\u00e7\u00f5es realizadas pelo cart\u00e3o de cr\u00e9dito, a taxa m\u00e1xima foi elevada para 3,06% ao m\u00eas.<\/p>\n<p><strong>Benef\u00edcios do INSS e prova de vida<\/strong><br \/>\nOs benef\u00edcios do INSS com reajuste come\u00e7ar\u00e3o a ser pagos entre os dias 25 de janeiro e 7 de fevereiro para aqueles que recebem um sal\u00e1rio m\u00ednimo. Segurados com renda mensal acima do piso nacional ter\u00e3o seus pagamentos creditados a partir de 1 de fevereiro.\u00a0Em 2022, a prova de vida volta a ser obrigat\u00f3ria para aposentados e pensionistas que recebem benef\u00edcios por meio de conta corrente, poupan\u00e7a ou cart\u00e3o magn\u00e9tico. O procedimento serve para evitar fraudes e garante a manuten\u00e7\u00e3o do pagamento.<\/p>\n<p><strong>Abono salarial PIS\/Pasep<\/strong><br \/>\nO calend\u00e1rio de pagamentos do abono salarial do PIS\/Pasep relativo ao ano-base 2020 ter\u00e1 um calend\u00e1rio diferente em 2022.\u00a0Antes, a libera\u00e7\u00e3o dos recursos come\u00e7ava no segundo semestre e se estendia at\u00e9 o primeiro semestre do ano seguinte. Por decis\u00e3o do governo, os valores previstos para o segundo semestre de 2021 ser\u00e3o pagos no in\u00edcio de 2022.\u00a0Segundo o Minist\u00e9rio do Trabalho e Previd\u00eancia, o pr\u00f3ximo calend\u00e1rio dever\u00e1 ser aprovado ainda em janeiro.<\/p>\n<p>O valor do abono salarial pode chegar ao valor de at\u00e9 um sal\u00e1rio m\u00ednimo, de acordo com a quantidade de meses trabalhados. T\u00eam direito ao abono salarial cerca de 23 milh\u00f5es de trabalhadores. Entenda como dever\u00e3o ser feitos os pagamentos.\u00a0O PIS \u00e9 destinado aos trabalhadores do setor privado e \u00e9 pago na Caixa Econ\u00f4mica Federal. O Pasep \u00e9 pago para servidores p\u00fablicos por meio do Banco do Brasil.<\/p>\n<p><strong>Reajustes de mensalidade escolar<\/strong><br \/>\nEntre os reajustes de pre\u00e7os que devem pesar no bolso do consumidor neste come\u00e7o de ano e manter a infla\u00e7\u00e3o pressionada est\u00e3o os reajustes das mensalidades escolares e dos transportes p\u00fablicos.\u00a0Levantamento mostrou as mensalidade escolares devem subir no pa\u00eds at\u00e9 mais de 12% em 2022, podendo superar a infla\u00e7\u00e3o oficial de 2021. Vale lembrar que n\u00e3o existe teto para o reajuste e que cada escola tem autonomia para definir as mensalidades.<\/p>\n<p><strong>IPVA e Tarifa de \u00f4nibus<\/strong><br \/>\nNo grupo de pre\u00e7os administrados, aqueles cujos reajustes s\u00e3o regulados e autorizados pelo governo, e que costuma ser impactados pela infla\u00e7\u00e3o acumulada no ano anterior, est\u00e3o o IPVA e as tarifas de \u00f4nibus, que ficaram congeladas em v\u00e1rios pontos do pa\u00eds em 2021.\u00a0A queda de ofertas de carros novos no Brasil fez os usados valorizarem mais de 20%. E como o IPVA \u00e9 calculado com base no valor do ve\u00edculo, n\u00e3o tem jeito: vai ficar bem mais caro em 2022, com reajuste m\u00e9dio de 22%.<\/p>\n<p><strong>IPTU<\/strong><br \/>\nV\u00e1rias prefeituras j\u00e1 anunciaram reajustes no Imposto Predial e Territorial Urbano (IPTU).\u00a0Em S\u00e3o Paulo, por exemplo, a C\u00e2mara Municipal aprovou um projeto que corrige o IPTU pela infla\u00e7\u00e3o at\u00e9 2024 com teto de 10%. Ou seja, se a infla\u00e7\u00e3o for acima de 10%, s\u00f3 ter\u00e1 corre\u00e7\u00e3o at\u00e9 esse percentual.<\/p>\n<p><strong>Conta de luz<\/strong><br \/>\nOutro item que deve continuar caro em 2022 \u00e9 a conta de luz. Mesmo com reservat\u00f3rios em recupera\u00e7\u00e3o, a tarifa de energia deve seguir elevada. Desde o final de 2021 est\u00e1 em vigor no pa\u00eds a bandeira mais cara do sistema, com adicional de R$ 14,20 por 100 kWh consumidos ao m\u00eas. A Aneel decidiu manter acionada em janeiro a bandeira de escassez h\u00eddrica.<\/p>\n<p>Somente as medidas emergenciais adotadas para evitar um racionamento de energia neste ano e para socorrer o setor el\u00e9trico durante a pandemia deixaram uma conta de, ao menos, R$ 69 bilh\u00f5es a serem pagos pelos consumidores nos pr\u00f3ximos 5 anos.<\/p>\n<p>Em novembro, a Ag\u00eancia Nacional de Energia El\u00e9trica (Aneel) calculou que o reajuste tarif\u00e1rio m\u00e9dio nas contas de luz em 2022 deve ser de 21,04% para cobrir o rombo gerado pela crise energ\u00e9tica em 2021. No entanto, o governo estuda medidas para atenuar impacto tarif\u00e1rio.<\/p>\n<p><strong>Nova lei cambial<\/strong><br \/>\nEm 2022 devem entrar em vigor novas regras para o mercado de c\u00e2mbio e para circula\u00e7\u00e3o de capital estrangeiro no Brasil.\u00a0Sancionada no final de dezembro, a nova lei cambial deve reduzir os custos na compra e na venda de d\u00f3lares, proporcionar maior seguran\u00e7a jur\u00eddica e aumentar a conversibilidade do real \u2013 ou seja, a facilidade em realizar transa\u00e7\u00f5es com o resto do mundo.<\/p>\n<p>Entre as mudan\u00e7as previstas, est\u00e1 limite maior para os viajantes levarem moeda estrangeira em viagens internacionais; abertura de contas em d\u00f3lar no pa\u00eds e aval para &#8216;PIX internacional&#8217;.\u00a0Para passar a valer, por\u00e9m, a nova lei cambial ainda depende de regulamenta\u00e7\u00e3o do Conselho Monet\u00e1rio Nacional (CMN) e do Banco Central.\u00a0Atualmente, as contas em d\u00f3lares est\u00e3o dispon\u00edveis somente para segmentos espec\u00edficos, como agentes autorizados a operar em c\u00e2mbio, emissores de cart\u00f5es de cr\u00e9dito de uso internacional, sociedades seguradoras e prestadores de servi\u00e7os tur\u00edsticos.<\/p>\n<p>Fonte: G1<\/p>\n","protected":false},"excerpt":{"rendered":"<p>O brasileiro entra no novo ano com um novo valor para o sal\u00e1rio m\u00ednimo e para benef\u00edcios previdenci\u00e1rios e sociais, e tamb\u00e9m com a promessa&#8230;<\/p>\n","protected":false},"author":1527,"featured_media":18121,"comment_status":"closed","ping_status":"closed","sticky":false,"template":"","format":"standard","meta":{"footnotes":""},"categories":[6],"tags":[],"class_list":["post-37210","post","type-post","status-publish","format-standard","has-post-thumbnail","hentry","category-noticias"],"_links":{"self":[{"href":"https:\/\/www.sincomam.org.br\/index.php\/wp-json\/wp\/v2\/posts\/37210","targetHints":{"allow":["GET"]}}],"collection":[{"href":"https:\/\/www.sincomam.org.br\/index.php\/wp-json\/wp\/v2\/posts"}],"about":[{"href":"https:\/\/www.sincomam.org.br\/index.php\/wp-json\/wp\/v2\/types\/post"}],"author":[{"embeddable":true,"href":"https:\/\/www.sincomam.org.br\/index.php\/wp-json\/wp\/v2\/users\/1527"}],"replies":[{"embeddable":true,"href":"https:\/\/www.sincomam.org.br\/index.php\/wp-json\/wp\/v2\/comments?post=37210"}],"version-history":[{"count":1,"href":"https:\/\/www.sincomam.org.br\/index.php\/wp-json\/wp\/v2\/posts\/37210\/revisions"}],"predecessor-version":[{"id":37211,"href":"https:\/\/www.sincomam.org.br\/index.php\/wp-json\/wp\/v2\/posts\/37210\/revisions\/37211"}],"wp:featuredmedia":[{"embeddable":true,"href":"https:\/\/www.sincomam.org.br\/index.php\/wp-json\/wp\/v2\/media\/18121"}],"wp:attachment":[{"href":"https:\/\/www.sincomam.org.br\/index.php\/wp-json\/wp\/v2\/media?parent=37210"}],"wp:term":[{"taxonomy":"category","embeddable":true,"href":"https:\/\/www.sincomam.org.br\/index.php\/wp-json\/wp\/v2\/categories?post=37210"},{"taxonomy":"post_tag","embeddable":true,"href":"https:\/\/www.sincomam.org.br\/index.php\/wp-json\/wp\/v2\/tags?post=37210"}],"curies":[{"name":"wp","href":"https:\/\/api.w.org\/{rel}","templated":true}]}}