{"id":37190,"date":"2021-12-31T08:48:04","date_gmt":"2021-12-31T11:48:04","guid":{"rendered":"http:\/\/www.sincomam.org.br\/?p=37190"},"modified":"2021-12-31T08:48:04","modified_gmt":"2021-12-31T11:48:04","slug":"frota-global-de-porta-conteineres-inativos-aumenta-ligeiramente-atingindo-165-embarcacoes-e-um-total-de-564-021-teus","status":"publish","type":"post","link":"https:\/\/www.sincomam.org.br\/index.php\/frota-global-de-porta-conteineres-inativos-aumenta-ligeiramente-atingindo-165-embarcacoes-e-um-total-de-564-021-teus\/","title":{"rendered":"Frota global de porta-cont\u00eaineres inativos aumenta ligeiramente, atingindo 165 embarca\u00e7\u00f5es e um total de 564.021 TEUS"},"content":{"rendered":"<p><span>A frota global de navios porta-cont\u00eaineres inativos aumentou ligeiramente no final de dezembro, marcando a segunda alta consecutiva neste m\u00eas.\u00a0De acordo com o \u00faltimo levantamento da\u00a0<\/span><span>Alphaliner<\/span><span>\u00a0realizado em 20 de dezembro, a propor\u00e7\u00e3o de navios cadastrados em estaleiros era de 74%.\u00a0J\u00e1 as embarca\u00e7\u00f5es comercialmente inativas representaram 26% da capacidade da frota inativa.<\/span><\/p>\n<p><span>A forte e persistente demanda continua a encorajar as companhias mar\u00edtimas a implantar toda a capacidade dispon\u00edvel.\u00a0O tempo de inatividade geral das embarca\u00e7\u00f5es manteve-se em n\u00edveis muito baixos desde o final de 2020, consistindo principalmente de embarca\u00e7\u00f5es em manuten\u00e7\u00e3o regular ou fora de servi\u00e7o devido a acidentes ou outras necessidades operacionais.<\/span><\/p>\n<p><span>Em pormenor, a frota inactiva cifrou-se em 165 navios, somando um total de 564.021 TEUs, valor que representa 2,3% da capacidade global da frota por unidade, que ascendeu a 24,95 Mteu.\u00a0Em compara\u00e7\u00e3o com a contagem anterior da\u00a0<\/span><em><span>Alphaline<\/span><\/em><span>\u00a0r\u00a0no\u00a0in\u00edcio de dezembro, a frota ociosa aumentou em oito navios e um total de 13.095 TEUs de capacidade.<\/span><\/p>\n<p><span>Em 20 de dezembro, a\u00a0<\/span><em><span>Alphaliner<\/span><\/em><span>\u00a0contabilizou 48 navios de 149.386 TEUs como comercialmente inativos, o que representa um aumento de seis unidades e uma pequena redu\u00e7\u00e3o de 948 TEUs em rela\u00e7\u00e3o ao levantamento anterior, no qual a inatividade era de 42 navios por 150.335 TEUs.<\/span><\/p>\n<p><span>Dessas unidades comercialmente ociosas, o n\u00famero de navios sob controle das companhias mar\u00edtimas aumentou em sete unidades e 13.140 TEUs, atingindo 36 navios e 132.759 TEUs.\u00a0Por sua vez, a tonelagem controlada pelos armadores n\u00e3o operacionais foi de 12 unidades de 16.627 TEUs, o que representa uma diminui\u00e7\u00e3o de uma \u00fanica embarca\u00e7\u00e3o e de 14.088 TEUs em termos de capacidade nos \u00faltimos 15 dias.<\/span><\/p>\n<p><span>Em rela\u00e7\u00e3o \u00e0s embarca\u00e7\u00f5es em manuten\u00e7\u00e3o, repara\u00e7\u00e3o e retrofit na \u00faltima quinzena, a Alphaliner contava com 117 embarca\u00e7\u00f5es para 414.635 TEUs.\u00a0Isso reflete um aumento de duas embarca\u00e7\u00f5es e 14.403 TEUs na \u00faltima quinzena.<\/span><\/p>\n<p>Por Mundo Mar\u00edtimo<\/p>\n","protected":false},"excerpt":{"rendered":"<p>A frota global de navios porta-cont\u00eaineres inativos aumentou ligeiramente no final de dezembro, marcando a segunda alta consecutiva neste m\u00eas.\u00a0De acordo com o \u00faltimo levantamento&#8230;<\/p>\n","protected":false},"author":1527,"featured_media":31606,"comment_status":"closed","ping_status":"closed","sticky":false,"template":"","format":"standard","meta":{"footnotes":""},"categories":[6],"tags":[],"class_list":["post-37190","post","type-post","status-publish","format-standard","has-post-thumbnail","hentry","category-noticias"],"_links":{"self":[{"href":"https:\/\/www.sincomam.org.br\/index.php\/wp-json\/wp\/v2\/posts\/37190","targetHints":{"allow":["GET"]}}],"collection":[{"href":"https:\/\/www.sincomam.org.br\/index.php\/wp-json\/wp\/v2\/posts"}],"about":[{"href":"https:\/\/www.sincomam.org.br\/index.php\/wp-json\/wp\/v2\/types\/post"}],"author":[{"embeddable":true,"href":"https:\/\/www.sincomam.org.br\/index.php\/wp-json\/wp\/v2\/users\/1527"}],"replies":[{"embeddable":true,"href":"https:\/\/www.sincomam.org.br\/index.php\/wp-json\/wp\/v2\/comments?post=37190"}],"version-history":[{"count":1,"href":"https:\/\/www.sincomam.org.br\/index.php\/wp-json\/wp\/v2\/posts\/37190\/revisions"}],"predecessor-version":[{"id":37191,"href":"https:\/\/www.sincomam.org.br\/index.php\/wp-json\/wp\/v2\/posts\/37190\/revisions\/37191"}],"wp:featuredmedia":[{"embeddable":true,"href":"https:\/\/www.sincomam.org.br\/index.php\/wp-json\/wp\/v2\/media\/31606"}],"wp:attachment":[{"href":"https:\/\/www.sincomam.org.br\/index.php\/wp-json\/wp\/v2\/media?parent=37190"}],"wp:term":[{"taxonomy":"category","embeddable":true,"href":"https:\/\/www.sincomam.org.br\/index.php\/wp-json\/wp\/v2\/categories?post=37190"},{"taxonomy":"post_tag","embeddable":true,"href":"https:\/\/www.sincomam.org.br\/index.php\/wp-json\/wp\/v2\/tags?post=37190"}],"curies":[{"name":"wp","href":"https:\/\/api.w.org\/{rel}","templated":true}]}}