{"id":37178,"date":"2021-12-31T08:23:01","date_gmt":"2021-12-31T11:23:01","guid":{"rendered":"http:\/\/www.sincomam.org.br\/?p=37178"},"modified":"2021-12-31T08:29:52","modified_gmt":"2021-12-31T11:29:52","slug":"salario-minimo-passa-a-ser-de-r-1-212-a-partir-do-dia-1-de-janeiro","status":"publish","type":"post","link":"https:\/\/www.sincomam.org.br\/index.php\/salario-minimo-passa-a-ser-de-r-1-212-a-partir-do-dia-1-de-janeiro\/","title":{"rendered":"Sal\u00e1rio m\u00ednimo passa a ser de R$ 1.212 a partir do dia 1 de janeiro"},"content":{"rendered":"<p>Foi publicado no Di\u00e1rio Oficial desta sexta-feira (31), a Medida Provis\u00f3ria (MP) que regulariza o novo sal\u00e1rio m\u00ednimo com valor de R$ 1.212 a partir de 1\u00ba de janeiro de 2022. O valor \u00e9 R$ 112 acima dos atuais\u00a0R$ 1.100.\u00a0O reajuste rep\u00f5e a perda no poder de compra dos brasileiros devido \u00e0 alta de pre\u00e7os ao longo de 2021.<\/p>\n<p>Apesar da press\u00e3o por um reajuste acima da infla\u00e7\u00e3o medida pelo \u00cdndice Nacional de Pre\u00e7os ao Consumidor (INPC), o governo n\u00e3o promoveu um aumento real do sal\u00e1rio m\u00ednimo pelo impacto nas contas p\u00fablicas, j\u00e1 que os benef\u00edcios da Previd\u00eancia e tamb\u00e9m sociais est\u00e3o atrelados ao piso.<\/p>\n<p>O sal\u00e1rio m\u00ednimo \u00e9 base de refer\u00eancia para outras despesas, como os benef\u00edcios da Previd\u00eancia Social e de assist\u00eancia social a idosos e pessoas com defici\u00eancia (BPC), al\u00e9m do abono salarial.<\/p>\n<p>O governo incorporou no sal\u00e1rio m\u00ednimo de 2022 mais R$ 1,62 referente \u00e0 infla\u00e7\u00e3o maior de 2020 que n\u00e3o havia sido contabilizada no valor deste ano. \u00c9 que o valor do benef\u00edcio foi definido antes da divulga\u00e7\u00e3o oficial do INPC fechado de 2020. O governo optou na \u00e9poca em n\u00e3o mudar o valor e incorporar o adicional em 2021, o que \u00e9 previsto na legisla\u00e7\u00e3o.<\/p>\n<p>A \u00faltima vez que o sal\u00e1rio m\u00ednimo teve ganho real foi no in\u00edcio de 2019, primeiro ano de mandato de Bolsonaro, quando ele assinou um decreto atualizando o valor do piso de acordo com a pol\u00edtica de valoriza\u00e7\u00e3o aprovada no governo Dilma Rousseff (PT) e v\u00e1lida de 2016 a 2019.<\/p>\n<p>Desde ent\u00e3o, o governo Bolsonaro tem concedido apenas aumentos para repor a infla\u00e7\u00e3o. Essa decis\u00e3o tem sido influenciada pelo fato de o sal\u00e1rio m\u00ednimo ser refer\u00eancia para dois ter\u00e7os da despesa p\u00fablica, como benef\u00edcios previdenci\u00e1rios, assistenciais e seguro-desemprego.<\/p>\n<p>A pol\u00edtica de reajustes pela infla\u00e7\u00e3o e varia\u00e7\u00e3o do Produto Interno Bruto (PIB) vigorou entre 2011 e 2019, mas nem sempre o sal\u00e1rio m\u00ednimo subiu acima da infla\u00e7\u00e3o.<\/p>\n<p>Em 2017 e 2018, por exemplo, foi concedido o reajuste somente com base na infla\u00e7\u00e3o porque o PIB dos anos anteriores (2015 e 2016) teve retra\u00e7\u00e3o. Por isso, para cumprir a f\u00f3rmula proposta, somente a infla\u00e7\u00e3o serviu de base para o aumento.<\/p>\n<p>Fonte: CNN<\/p>\n","protected":false},"excerpt":{"rendered":"<p>Foi publicado no Di\u00e1rio Oficial desta sexta-feira (31), a Medida Provis\u00f3ria (MP) que regulariza o novo sal\u00e1rio m\u00ednimo com valor de R$ 1.212 a partir&#8230;<\/p>\n","protected":false},"author":1527,"featured_media":17827,"comment_status":"closed","ping_status":"closed","sticky":false,"template":"","format":"standard","meta":{"footnotes":""},"categories":[6],"tags":[],"class_list":["post-37178","post","type-post","status-publish","format-standard","has-post-thumbnail","hentry","category-noticias"],"_links":{"self":[{"href":"https:\/\/www.sincomam.org.br\/index.php\/wp-json\/wp\/v2\/posts\/37178","targetHints":{"allow":["GET"]}}],"collection":[{"href":"https:\/\/www.sincomam.org.br\/index.php\/wp-json\/wp\/v2\/posts"}],"about":[{"href":"https:\/\/www.sincomam.org.br\/index.php\/wp-json\/wp\/v2\/types\/post"}],"author":[{"embeddable":true,"href":"https:\/\/www.sincomam.org.br\/index.php\/wp-json\/wp\/v2\/users\/1527"}],"replies":[{"embeddable":true,"href":"https:\/\/www.sincomam.org.br\/index.php\/wp-json\/wp\/v2\/comments?post=37178"}],"version-history":[{"count":3,"href":"https:\/\/www.sincomam.org.br\/index.php\/wp-json\/wp\/v2\/posts\/37178\/revisions"}],"predecessor-version":[{"id":37181,"href":"https:\/\/www.sincomam.org.br\/index.php\/wp-json\/wp\/v2\/posts\/37178\/revisions\/37181"}],"wp:featuredmedia":[{"embeddable":true,"href":"https:\/\/www.sincomam.org.br\/index.php\/wp-json\/wp\/v2\/media\/17827"}],"wp:attachment":[{"href":"https:\/\/www.sincomam.org.br\/index.php\/wp-json\/wp\/v2\/media?parent=37178"}],"wp:term":[{"taxonomy":"category","embeddable":true,"href":"https:\/\/www.sincomam.org.br\/index.php\/wp-json\/wp\/v2\/categories?post=37178"},{"taxonomy":"post_tag","embeddable":true,"href":"https:\/\/www.sincomam.org.br\/index.php\/wp-json\/wp\/v2\/tags?post=37178"}],"curies":[{"name":"wp","href":"https:\/\/api.w.org\/{rel}","templated":true}]}}