{"id":37174,"date":"2021-12-30T08:30:33","date_gmt":"2021-12-30T11:30:33","guid":{"rendered":"http:\/\/www.sincomam.org.br\/?p=37174"},"modified":"2021-12-30T02:25:08","modified_gmt":"2021-12-30T05:25:08","slug":"estudo-indica-que-vacinas-aumentam-protecao-de-quem-ja-teve-covid-19","status":"publish","type":"post","link":"https:\/\/www.sincomam.org.br\/index.php\/estudo-indica-que-vacinas-aumentam-protecao-de-quem-ja-teve-covid-19\/","title":{"rendered":"Estudo indica que vacinas aumentam prote\u00e7\u00e3o de quem j\u00e1 teve covid-19"},"content":{"rendered":"<p>Pesquisadores da Funda\u00e7\u00e3o Oswaldo Cruz (Fiocruz) publicaram um estudo sobre vacinas contra covid-19 usadas no Brasil que aumentam a prote\u00e7\u00e3o contra o SARS-CoV-2 em quem j\u00e1 teve a doen\u00e7a previamente. O trabalho foi publicado em formato <em>preprint\u00a0<\/em>no\u00a0<em>site<\/em>\u00a0Medrxiv, o que significa que ainda precisa ser revisado por outros cientistas.<img decoding=\"async\" src=\"https:\/\/agenciabrasil.ebc.com.br\/ebc.png?id=1434431&amp;o=node\" \/><img decoding=\"async\" src=\"https:\/\/agenciabrasil.ebc.com.br\/ebc.gif?id=1434431&amp;o=node\" \/><\/p>\n<p>Os pesquisadores avaliaram 22.565 indiv\u00edduos acima dos 18 anos que tiveram dois testes de RT-PCR positivos e 68 mil que tiveram teste positivo e depois negativo, entre fevereiro e novembro deste ano.<\/p>\n<p>Segundo o artigo, a vacina\u00e7\u00e3o com as duas doses de AstraZeneca, Pfizer e CoronaVac, ou com a dose \u00fanica da Janssen, foi capaz de reduzir reinfec\u00e7\u00f5es sintom\u00e1ticas e casos graves da doen\u00e7a em quem j\u00e1 havia contra\u00eddo a covid-19 anteriormente. A pesquisa mostrou que, quando a vacina requer duas doses, a aplica\u00e7\u00e3o da segunda dose de fato elevou o n\u00edvel de prote\u00e7\u00e3o contra reinfec\u00e7\u00f5es nos indiv\u00edduos estudados.<\/p>\n<p>Principal pesquisador respons\u00e1vel pelo estudo, Julio Croda, da Fiocruz Mato Grosso do Sul, explica que an\u00e1lise contou com a base nacional de dados sobre notifica\u00e7\u00e3o, hospitaliza\u00e7\u00e3o e vacina\u00e7\u00e3o e confirma a necessidade de completar o esquema vacinal mesmo em quem j\u00e1 teve covid-19.<\/p>\n<p>\u201cA import\u00e2ncia de ser vacinado \u00e9 a mensagem principal, e a necessidade dessas duas doses para maximizar a prote\u00e7\u00e3o. Vemos que alguns pa\u00edses chegam a recomendar apenas uma dose para quem teve covid-19, por considerar que estes j\u00e1 contam com um certo n\u00edvel de anticorpos neutralizantes. Mas esse tipo de avalia\u00e7\u00e3o de efetividade na vida real mostra que h\u00e1 um ganho adicional com a segunda dose. \u00c9 um ganho substancial contra as formas graves&#8221;, disse ele em entrevista \u00e0\u00a0<em>Ag\u00eancia Fiocruz de Not\u00edcias<\/em>.<\/p>\n<p>Ao analisar os dados, os pesquisadores descobriram que, ap\u00f3s a infec\u00e7\u00e3o inicial, a efetividade contra doen\u00e7a sintom\u00e1tica 14 dias ap\u00f3s o esquema vacinal completo \u00e9 de 37,5% para a CoronaVac, 53,4% para AstraZeneca, 35,8% para Janssen e 63,7% para Pfizer. J\u00e1 a efetividade contra hospitaliza\u00e7\u00e3o e morte, tamb\u00e9m ap\u00f3s 14 dias da aplica\u00e7\u00e3o, \u00e9 82,2% com a CoronaVac, 90,8% com a AstraZeneca, 87,7% com a Pfizer e 59,2% com a Janssen. O estudo completo pode ser acessado em ingl\u00eas no\u00a0<em>site<\/em>\u00a0Medrxiv.<\/p>\n","protected":false},"excerpt":{"rendered":"<p>Pesquisadores da Funda\u00e7\u00e3o Oswaldo Cruz (Fiocruz) publicaram um estudo sobre vacinas contra covid-19 usadas no Brasil que aumentam a prote\u00e7\u00e3o contra o SARS-CoV-2 em quem&#8230;<\/p>\n","protected":false},"author":1527,"featured_media":36860,"comment_status":"closed","ping_status":"closed","sticky":false,"template":"","format":"standard","meta":{"footnotes":""},"categories":[6],"tags":[],"class_list":["post-37174","post","type-post","status-publish","format-standard","has-post-thumbnail","hentry","category-noticias"],"_links":{"self":[{"href":"https:\/\/www.sincomam.org.br\/index.php\/wp-json\/wp\/v2\/posts\/37174","targetHints":{"allow":["GET"]}}],"collection":[{"href":"https:\/\/www.sincomam.org.br\/index.php\/wp-json\/wp\/v2\/posts"}],"about":[{"href":"https:\/\/www.sincomam.org.br\/index.php\/wp-json\/wp\/v2\/types\/post"}],"author":[{"embeddable":true,"href":"https:\/\/www.sincomam.org.br\/index.php\/wp-json\/wp\/v2\/users\/1527"}],"replies":[{"embeddable":true,"href":"https:\/\/www.sincomam.org.br\/index.php\/wp-json\/wp\/v2\/comments?post=37174"}],"version-history":[{"count":1,"href":"https:\/\/www.sincomam.org.br\/index.php\/wp-json\/wp\/v2\/posts\/37174\/revisions"}],"predecessor-version":[{"id":37175,"href":"https:\/\/www.sincomam.org.br\/index.php\/wp-json\/wp\/v2\/posts\/37174\/revisions\/37175"}],"wp:featuredmedia":[{"embeddable":true,"href":"https:\/\/www.sincomam.org.br\/index.php\/wp-json\/wp\/v2\/media\/36860"}],"wp:attachment":[{"href":"https:\/\/www.sincomam.org.br\/index.php\/wp-json\/wp\/v2\/media?parent=37174"}],"wp:term":[{"taxonomy":"category","embeddable":true,"href":"https:\/\/www.sincomam.org.br\/index.php\/wp-json\/wp\/v2\/categories?post=37174"},{"taxonomy":"post_tag","embeddable":true,"href":"https:\/\/www.sincomam.org.br\/index.php\/wp-json\/wp\/v2\/tags?post=37174"}],"curies":[{"name":"wp","href":"https:\/\/api.w.org\/{rel}","templated":true}]}}