{"id":37172,"date":"2021-12-30T08:30:24","date_gmt":"2021-12-30T11:30:24","guid":{"rendered":"http:\/\/www.sincomam.org.br\/?p=37172"},"modified":"2021-12-30T02:22:51","modified_gmt":"2021-12-30T05:22:51","slug":"rio-justica-derruba-mais-uma-vez-reajuste-no-preco-do-gas-natural","status":"publish","type":"post","link":"https:\/\/www.sincomam.org.br\/index.php\/rio-justica-derruba-mais-uma-vez-reajuste-no-preco-do-gas-natural\/","title":{"rendered":"Rio: Justi\u00e7a derruba mais uma vez reajuste no pre\u00e7o do g\u00e1s natural"},"content":{"rendered":"<p>A Justi\u00e7a do Rio de Janeiro derrubou, nesta quarta-feira (29), o reajuste de 50% no pre\u00e7o do g\u00e1s natural implementado pela Petrobras e que passaria a valer em 1\u00ba de janeiro de 2022. A medida, em car\u00e1ter liminar, beneficia a popula\u00e7\u00e3o fluminense, que seria afetada com o aumento. A a\u00e7\u00e3o foi movida pela Procuradoria Geral do Estado.<img decoding=\"async\" src=\"https:\/\/agenciabrasil.ebc.com.br\/ebc.png?id=1434453&amp;o=node\" \/><img decoding=\"async\" src=\"https:\/\/agenciabrasil.ebc.com.br\/ebc.gif?id=1434453&amp;o=node\" \/><\/p>\n<p>Ontem, em\u00a0<a href=\"https:\/\/agenciabrasil.ebc.com.br\/justica\/noticia\/2021-12\/rio-justica-suspende-reajuste-no-preco-do-gas-natural\" target=\"_blank\" rel=\"noopener\">outra decis\u00e3o liminar<\/a>, a Justi\u00e7a do Rio de Janeiro, suspendeu o aumento de 50% no pre\u00e7o do g\u00e1s natural fornecido pela Petrobras \u00e0 distribuidora Naturgy. A decis\u00e3o \u00e9 do juiz de plant\u00e3o Andre Felipe Tredinnick, que analisou a a\u00e7\u00e3o civil p\u00fablica movida pela Mesa Diretora e pela Comiss\u00e3o de Defesa do Consumidor da Assembleia Legislativa do Rio (Alerj).<\/p>\n<p>Na decis\u00e3o de hoje, o juiz Carlos Alberto Machado, do plant\u00e3o judici\u00e1rio do Tribunal de Justi\u00e7a, acolheu os argumentos apresentados pela Procuradoria Geral do Estado e ressaltou o impacto que seria provocado pelo reajuste sobre o pre\u00e7o atual do g\u00e1s e o repasse no valor da tarifa cobrado pelas concession\u00e1rias.<\/p>\n<p>O magistrado disse que o aumento acarretaria n\u00e3o s\u00f3 desajuste econ\u00f4mico das empresas com reflexos para a economia do Estado do Rio de Janeiro, como no or\u00e7amento dos consumidores fluminenses. A decis\u00e3o ainda determinou que a Petrobras mantenha, por 12 meses, o pre\u00e7o de venda do g\u00e1s em vigor atualmente e outros valores previstos em contratos com a Companhia Distribuidora de G\u00e1s do Rio de Janeiro (CEG) e a CEG Rio S.A. \u201cO descumprimento resultar\u00e1 em multa di\u00e1ria no valor de R$5 mil at\u00e9 o limite de R$100 mil\u201d, escreveu o juiz Carlos Alberto Machado.<\/p>\n<p>O governador Cl\u00e1udio Castro destacou que a decis\u00e3o traz um al\u00edvio para a popula\u00e7\u00e3o do Rio de Janeiro, que seria altamente prejudicada com o novo valor. \u201cEsse aumento abusivo impactaria a vida de milh\u00f5es de cidad\u00e3os, e traria preju\u00edzos para o Estado do Rio, que vive um momento de plena retomada da economia, com atra\u00e7\u00e3o de novas empresas e recupera\u00e7\u00e3o de 100% dos empregos perdidos durante a pandemia. S\u00f3 temos que comemorar essa decis\u00e3o da Justi\u00e7a\u201d, declarou.<\/p>\n<p>A Petrobras informou, por meio de nota, que vai recorrer o quanto antes [da decis\u00e3o] e n\u00e3o h\u00e1 nada al\u00e9m a acrescentar ao comunicado.<\/p>\n<p>Ag\u00eancia Brasil<\/p>\n","protected":false},"excerpt":{"rendered":"<p>A Justi\u00e7a do Rio de Janeiro derrubou, nesta quarta-feira (29), o reajuste de 50% no pre\u00e7o do g\u00e1s natural implementado pela Petrobras e que passaria&#8230;<\/p>\n","protected":false},"author":1527,"featured_media":32323,"comment_status":"closed","ping_status":"closed","sticky":false,"template":"","format":"standard","meta":{"footnotes":""},"categories":[6],"tags":[],"class_list":["post-37172","post","type-post","status-publish","format-standard","has-post-thumbnail","hentry","category-noticias"],"_links":{"self":[{"href":"https:\/\/www.sincomam.org.br\/index.php\/wp-json\/wp\/v2\/posts\/37172","targetHints":{"allow":["GET"]}}],"collection":[{"href":"https:\/\/www.sincomam.org.br\/index.php\/wp-json\/wp\/v2\/posts"}],"about":[{"href":"https:\/\/www.sincomam.org.br\/index.php\/wp-json\/wp\/v2\/types\/post"}],"author":[{"embeddable":true,"href":"https:\/\/www.sincomam.org.br\/index.php\/wp-json\/wp\/v2\/users\/1527"}],"replies":[{"embeddable":true,"href":"https:\/\/www.sincomam.org.br\/index.php\/wp-json\/wp\/v2\/comments?post=37172"}],"version-history":[{"count":1,"href":"https:\/\/www.sincomam.org.br\/index.php\/wp-json\/wp\/v2\/posts\/37172\/revisions"}],"predecessor-version":[{"id":37173,"href":"https:\/\/www.sincomam.org.br\/index.php\/wp-json\/wp\/v2\/posts\/37172\/revisions\/37173"}],"wp:featuredmedia":[{"embeddable":true,"href":"https:\/\/www.sincomam.org.br\/index.php\/wp-json\/wp\/v2\/media\/32323"}],"wp:attachment":[{"href":"https:\/\/www.sincomam.org.br\/index.php\/wp-json\/wp\/v2\/media?parent=37172"}],"wp:term":[{"taxonomy":"category","embeddable":true,"href":"https:\/\/www.sincomam.org.br\/index.php\/wp-json\/wp\/v2\/categories?post=37172"},{"taxonomy":"post_tag","embeddable":true,"href":"https:\/\/www.sincomam.org.br\/index.php\/wp-json\/wp\/v2\/tags?post=37172"}],"curies":[{"name":"wp","href":"https:\/\/api.w.org\/{rel}","templated":true}]}}