{"id":3716,"date":"2014-02-19T09:05:53","date_gmt":"2014-02-19T12:05:53","guid":{"rendered":"http:\/\/www.sincomam.org.br\/?p=3716"},"modified":"2014-02-19T09:07:29","modified_gmt":"2014-02-19T12:07:29","slug":"trabalhadores-do-comperj-rejeitam-proposta-de-empregadores-e-mantem-greve","status":"publish","type":"post","link":"https:\/\/www.sincomam.org.br\/index.php\/trabalhadores-do-comperj-rejeitam-proposta-de-empregadores-e-mantem-greve\/","title":{"rendered":"Trabalhadores do Comperj rejeitam proposta de empregadores e mant\u00eam greve"},"content":{"rendered":"<p>Os trabalhadores da obra do Complexo Petroqu\u00edmico do Rio de Janeiro (Comperj), em Itabora\u00ed, regi\u00e3o metropolitana do Rio, recusaram nesta ter\u00e7a-feira, em assembleia, a proposta de reajuste salarial de 7% apresentada pelos empregadores. A assembleia decidiu pela manuten\u00e7\u00e3o da greve, que come\u00e7ou h\u00e1 duas semanas para os 40 mil oper\u00e1rios que trabalham no complexo.<\/p>\n<p>O assessor da presid\u00eancia do Sindicato dos Trabalhadores da Constru\u00e7\u00e3o Civil de S\u00e3o Gon\u00e7alo e Regi\u00e3o (Sinticom), Marcos Aur\u00e9lio Hartung, disse que cerca de 20 mil trabalhadores participaram da assembleia e indicaram que n\u00e3o aceitar\u00e3o menos de 10% como \u00edndice de reajuste salarial.<\/p>\n<p>&#8220;Nesta segunda-feira, os empregadores ofereceram 7% de reajuste linear, em todos os sal\u00e1rios, 7% de reajuste no vale-alimenta\u00e7\u00e3o, na PLR [Participa\u00e7\u00e3o dos Lucros e Resultados], que hoje \u00e9 um sal\u00e1rio m\u00ednimo, e 7% de reajuste em cima da cesta natalina, de R$ 180&#8221;, informou. &#8220;Est\u00e1 muito longe do que queremos. Acho que os trabalhadores n\u00e3o aceitar\u00e3o nada abaixo de dois d\u00edgitos&#8221;, disse ele.<\/p>\n<p>No in\u00edcio da greve, os trabalhadores pediam 15% de aumento salarial, vale-alimenta\u00e7\u00e3o de R$ 500, PLR de um sal\u00e1rio m\u00ednimo e meio, cesta natalina de 70% do valor do vale-alimenta\u00e7\u00e3o e alojamento para quem n\u00e3o mora no munic\u00edpio. Na audi\u00eancia de concilia\u00e7\u00e3o no Tribunal Regional do Trabalho, quarta-feira passada, os empregadores haviam proposto negociar caso a greve fosse interrompida, mas os grevistas recusaram. &#8220;N\u00e3o houve espa\u00e7o para apresentar proposta, era apenas se voltar\u00edamos ao trabalho ou n\u00e3o [para a negocia\u00e7\u00e3o]&#8221;.<\/p>\n<p>Na segunda-feira, \u00e0s 14h, o TRT far\u00e1 outra audi\u00eancia de concilia\u00e7\u00e3o entre as partes, e na quinta-feira, \u00e0s 7h, est\u00e1 marcada uma assembleia dos trabalhadores para decidir sobre as propostas apresentadas.<\/p>\n<p>No segundo dia de greve, no in\u00edcio do m\u00eas, dois homens que participavam da paralisa\u00e7\u00e3o foram baleados por uma dupla, em uma moto n\u00e3o identificada, que disparou contra a multid\u00e3o. As v\u00edtimas foram levadas para um hospital e uma delas passou por cirurgia. Ningu\u00e9m morreu.<\/p>\n<p>O Comperj vai ser o maior polo petroqu\u00edmico do Brasil, com capacidade de processamento de cerca de 300 mil barris de petr\u00f3leo bruto por dia, bem como de fornecimento de produtos hoje importados, como fertilizantes para agroind\u00fastria.<\/p>\n<p>Fonte: Brasil Econ\u00f4mico\/Ag\u00eancia Brasil<\/p>\n","protected":false},"excerpt":{"rendered":"<p>Os trabalhadores da obra do Complexo Petroqu\u00edmico do Rio de Janeiro (Comperj), em Itabora\u00ed, regi\u00e3o metropolitana do Rio, recusaram nesta ter\u00e7a-feira, em assembleia, a proposta&#8230;<\/p>\n","protected":false},"author":1182,"featured_media":3719,"comment_status":"closed","ping_status":"closed","sticky":false,"template":"","format":"standard","meta":{"footnotes":""},"categories":[6],"tags":[360,244,59],"class_list":["post-3716","post","type-post","status-publish","format-standard","has-post-thumbnail","hentry","category-noticias","tag-comperj","tag-greve","tag-rio-de-janeiro"],"_links":{"self":[{"href":"https:\/\/www.sincomam.org.br\/index.php\/wp-json\/wp\/v2\/posts\/3716","targetHints":{"allow":["GET"]}}],"collection":[{"href":"https:\/\/www.sincomam.org.br\/index.php\/wp-json\/wp\/v2\/posts"}],"about":[{"href":"https:\/\/www.sincomam.org.br\/index.php\/wp-json\/wp\/v2\/types\/post"}],"author":[{"embeddable":true,"href":"https:\/\/www.sincomam.org.br\/index.php\/wp-json\/wp\/v2\/users\/1182"}],"replies":[{"embeddable":true,"href":"https:\/\/www.sincomam.org.br\/index.php\/wp-json\/wp\/v2\/comments?post=3716"}],"version-history":[{"count":1,"href":"https:\/\/www.sincomam.org.br\/index.php\/wp-json\/wp\/v2\/posts\/3716\/revisions"}],"predecessor-version":[{"id":3718,"href":"https:\/\/www.sincomam.org.br\/index.php\/wp-json\/wp\/v2\/posts\/3716\/revisions\/3718"}],"wp:featuredmedia":[{"embeddable":true,"href":"https:\/\/www.sincomam.org.br\/index.php\/wp-json\/wp\/v2\/media\/3719"}],"wp:attachment":[{"href":"https:\/\/www.sincomam.org.br\/index.php\/wp-json\/wp\/v2\/media?parent=3716"}],"wp:term":[{"taxonomy":"category","embeddable":true,"href":"https:\/\/www.sincomam.org.br\/index.php\/wp-json\/wp\/v2\/categories?post=3716"},{"taxonomy":"post_tag","embeddable":true,"href":"https:\/\/www.sincomam.org.br\/index.php\/wp-json\/wp\/v2\/tags?post=3716"}],"curies":[{"name":"wp","href":"https:\/\/api.w.org\/{rel}","templated":true}]}}