{"id":37151,"date":"2021-12-29T07:21:56","date_gmt":"2021-12-29T10:21:56","guid":{"rendered":"http:\/\/www.sincomam.org.br\/?p=37151"},"modified":"2021-12-29T07:21:56","modified_gmt":"2021-12-29T10:21:56","slug":"complexo-do-pecem-ganha-nova-usina-a-gas-natural","status":"publish","type":"post","link":"https:\/\/www.sincomam.org.br\/index.php\/complexo-do-pecem-ganha-nova-usina-a-gas-natural\/","title":{"rendered":"COMPLEXO DO PEC\u00c9M GANHA NOVA USINA A G\u00c1S NATURAL"},"content":{"rendered":"<p>O Complexo do Pec\u00e9m (CIPP S\/A) comunica ao mercado que o cons\u00f3rcio Portoc\u00e9m sagrou-se vencedor no leil\u00e3o, realizado nesta ter\u00e7a-feira (21), para implanta\u00e7\u00e3o de Usina Termel\u00e9trica a G\u00e1s Natural na Zona de Processamento de Exporta\u00e7\u00e3o (ZPE Cear\u00e1) do Complexo do Pec\u00e9m. O lance do cons\u00f3rcio Portoc\u00e9m corresponde a aproximadamente 70% do total de novos investimentos contratados no leil\u00e3o promovido\u00a0hoje\u00a0pelo CCEE \u2013 Sistema dos Leil\u00f5es de Energia El\u00e9trica.<\/p>\n<p>O cons\u00f3rcio \u00e9 liderado pela Ceiba Energy e projetado pela Ponte Nova Energia \u2013 sendo ambas empresas integradas nas \u00e1reas de energia, infraestrutura e gest\u00e3o de neg\u00f3cios. A Ceiba Energy possui, desenvolve e opera ativos de gera\u00e7\u00e3o de energia na Am\u00e9rica Latina. A empresa se concentra na gera\u00e7\u00e3o renov\u00e1vel e na gera\u00e7\u00e3o de capacidade, com baixo teor de carbono, para apoiar o crescimento das energias renov\u00e1veis a fim de fornecer energia limpa e acess\u00edvel, proporcionando empregos diretos e indiretos e crescimento econ\u00f4mico. A Ceiba Energy \u00e9 apoiada pela Denham Capital, empresa l\u00edder mundial em energia e recursos com mais de US$ 9,4 bilh\u00f5es de capital investido e comprometido.<\/p>\n<p>Somente no novo empreendimento do cons\u00f3rcio Portoc\u00e9m ser\u00e3o investidos aproximadamente R$ 4,2 bilh\u00f5es, e o projeto conta com previs\u00e3o de in\u00edcio de opera\u00e7\u00e3o em julho de 2026. A pot\u00eancia instalada da nova usina dever\u00e1 chegar a 1.571 MW, refor\u00e7ando ainda mais a seguran\u00e7a energ\u00e9tica do Estado do Cear\u00e1 e do Brasil. O Complexo do Pec\u00e9m celebra a conquista e d\u00e1 as boas-vindas ao cons\u00f3rcio Portoc\u00e9m.<\/p>\n<p>Fonte: Informativo dos Portos<\/p>\n","protected":false},"excerpt":{"rendered":"<p>O Complexo do Pec\u00e9m (CIPP S\/A) comunica ao mercado que o cons\u00f3rcio Portoc\u00e9m sagrou-se vencedor no leil\u00e3o, realizado nesta ter\u00e7a-feira (21), para implanta\u00e7\u00e3o de Usina&#8230;<\/p>\n","protected":false},"author":1527,"featured_media":10090,"comment_status":"closed","ping_status":"closed","sticky":false,"template":"","format":"standard","meta":{"footnotes":""},"categories":[6],"tags":[],"class_list":["post-37151","post","type-post","status-publish","format-standard","has-post-thumbnail","hentry","category-noticias"],"_links":{"self":[{"href":"https:\/\/www.sincomam.org.br\/index.php\/wp-json\/wp\/v2\/posts\/37151","targetHints":{"allow":["GET"]}}],"collection":[{"href":"https:\/\/www.sincomam.org.br\/index.php\/wp-json\/wp\/v2\/posts"}],"about":[{"href":"https:\/\/www.sincomam.org.br\/index.php\/wp-json\/wp\/v2\/types\/post"}],"author":[{"embeddable":true,"href":"https:\/\/www.sincomam.org.br\/index.php\/wp-json\/wp\/v2\/users\/1527"}],"replies":[{"embeddable":true,"href":"https:\/\/www.sincomam.org.br\/index.php\/wp-json\/wp\/v2\/comments?post=37151"}],"version-history":[{"count":1,"href":"https:\/\/www.sincomam.org.br\/index.php\/wp-json\/wp\/v2\/posts\/37151\/revisions"}],"predecessor-version":[{"id":37152,"href":"https:\/\/www.sincomam.org.br\/index.php\/wp-json\/wp\/v2\/posts\/37151\/revisions\/37152"}],"wp:featuredmedia":[{"embeddable":true,"href":"https:\/\/www.sincomam.org.br\/index.php\/wp-json\/wp\/v2\/media\/10090"}],"wp:attachment":[{"href":"https:\/\/www.sincomam.org.br\/index.php\/wp-json\/wp\/v2\/media?parent=37151"}],"wp:term":[{"taxonomy":"category","embeddable":true,"href":"https:\/\/www.sincomam.org.br\/index.php\/wp-json\/wp\/v2\/categories?post=37151"},{"taxonomy":"post_tag","embeddable":true,"href":"https:\/\/www.sincomam.org.br\/index.php\/wp-json\/wp\/v2\/tags?post=37151"}],"curies":[{"name":"wp","href":"https:\/\/api.w.org\/{rel}","templated":true}]}}