{"id":37144,"date":"2021-12-29T07:11:19","date_gmt":"2021-12-29T10:11:19","guid":{"rendered":"http:\/\/www.sincomam.org.br\/?p=37144"},"modified":"2021-12-29T07:13:18","modified_gmt":"2021-12-29T10:13:18","slug":"aprovacao-do-br-do-mar-fortalece-competitividade-e-reduz-custo-brasil-aponta-secretaria-de-politica-economica","status":"publish","type":"post","link":"https:\/\/www.sincomam.org.br\/index.php\/aprovacao-do-br-do-mar-fortalece-competitividade-e-reduz-custo-brasil-aponta-secretaria-de-politica-economica\/","title":{"rendered":"APROVA\u00c7\u00c3O DO BR DO MAR FORTALECE COMPETITIVIDADE E REDUZ CUSTO BRASIL, APONTA SECRETARIA DE POL\u00cdTICA ECON\u00d4MICA"},"content":{"rendered":"<p>As redu\u00e7\u00f5es das al\u00edquotas do Adicional de Frete para Renova\u00e7\u00e3o da Marinha Mercante (AFRMM), conforme estabelece o rec\u00e9m-aprovado\u00a0Projeto de Lei n\u00ba 4.199\/2020, da \u201cBR do Mar\u201d, t\u00eam capacidade de baixar o pre\u00e7o da cesta b\u00e1sica em pelo menos 4%. A estimativa est\u00e1 presente na Nota Informativa \u201cA Import\u00e2ncia da Aprova\u00e7\u00e3o do Projeto BR do Mar: o Caso da Redu\u00e7\u00e3o dos Custos Econ\u00f4micos Associados ao Adicional de Frete para Renova\u00e7\u00e3o da Marinha Mercante (AFRMM)\u201d, divulgada nesta quarta-feira (22\/12) pela Secretaria de Pol\u00edtica Econ\u00f4mica (SPE) do Minist\u00e9rio da Economia.<\/p>\n<p>As an\u00e1lises presentes no documento \u2013 realizadas em parceria com o Minist\u00e9rio da Infraestrutura \u2013 indicam ainda que a facilita\u00e7\u00e3o das importa\u00e7\u00f5es promovida pelo realinhamento das al\u00edquotas do Adicional de Frete pode impactar o Produto Interno Bruto (PIB) em at\u00e9 0,2%. Dessa forma, a aprova\u00e7\u00e3o do projeto pode contribuir para a elimina\u00e7\u00e3o do \u201cCusto Brasil\u201d.<\/p>\n<p>\u201cNo caso particular do AFRMM, a mudan\u00e7a na al\u00edquota reduzir\u00e1 os custos da ind\u00fastria e agricultura nacionais, com rebatimentos nos pre\u00e7os dos itens da cesta b\u00e1sica, do g\u00e1s de cozinha e de combust\u00edveis em geral\u201d, afirma o subsecret\u00e1rio de Pol\u00edtica Fiscal da SPE, Erik Figueiredo.<\/p>\n<p>O Adicional de Frete para Renova\u00e7\u00e3o da Marinha Mercante \u00e9 um tributo cobrado sobre o transporte aquavi\u00e1rio da carga de qualquer natureza descarregada nos portos brasileiros. A aprova\u00e7\u00e3o da \u201cBR do Mar\u201d, entre outros pontos, derrubou de 25% para 8% a al\u00edquota aplicada sobre a navega\u00e7\u00e3o de longo curso.<\/p>\n<p><b>Competitividade<\/b><\/p>\n<p>A redu\u00e7\u00e3o do AFRMM impacta direta e positivamente os custos de produ\u00e7\u00e3o brasileiros, adverte Figueiredo. Ele cita, como exemplo, a produ\u00e7\u00e3o agr\u00edcola, que depende de diversos insumos importados como fertilizantes e defensivos, entre outros. Reduzir o custo do transporte, ao trazer esses insumos do exterior, gera imediata queda nos pre\u00e7os de produ\u00e7\u00e3o nos campos do pa\u00eds. Ou seja, \u00e9 comida mais barata na mesa dos brasileiros. A diminui\u00e7\u00e3o do Adicional de Frete tamb\u00e9m melhora as condi\u00e7\u00f5es de competitividade das exporta\u00e7\u00f5es brasileiras e contribuiu para a baixa nos custos de transporte no mercado dom\u00e9stico.<\/p>\n<p>\u201cA mudan\u00e7a na al\u00edquota do AFRMM representa a remo\u00e7\u00e3o de uma elevada distor\u00e7\u00e3o para diversos setores econ\u00f4micos. Espera-se uma redu\u00e7\u00e3o do custo de vida interno, em especial dos mais pobres\u201d, aponta a Nota Informativa da SPE.<\/p>\n<p>O projeto da \u201cBR do Mar\u201d foi aprovado na C\u00e2mara dos Deputados em 15 de dezembro \u00faltimo, concluindo a tramita\u00e7\u00e3o do texto no Congresso Nacional. O projeto j\u00e1 seguiu para san\u00e7\u00e3o do presidente Jair Bolsonaro. \u201cA BR do Mar conduz o Brasil por um caminho marcado pela maior competitividade e produtividade no setor de transporte mar\u00edtimo\u201d, destaca o subsecret\u00e1rio Erik Figueiredo.<\/p>\n<p>O projeto da \u201cBR do Mar\u201d traz diversas medidas que v\u00e3o estimular a navega\u00e7\u00e3o de cabotagem \u2013 ou seja, navega\u00e7\u00e3o entre portos ou pontos da mesma costa de um pa\u00eds \u2013, ampliar a frota nacional e equilibrar a matriz de transportes brasileira.<\/p>\n","protected":false},"excerpt":{"rendered":"<p>As redu\u00e7\u00f5es das al\u00edquotas do Adicional de Frete para Renova\u00e7\u00e3o da Marinha Mercante (AFRMM), conforme estabelece o rec\u00e9m-aprovado\u00a0Projeto de Lei n\u00ba 4.199\/2020, da \u201cBR do&#8230;<\/p>\n","protected":false},"author":1527,"featured_media":18672,"comment_status":"closed","ping_status":"closed","sticky":false,"template":"","format":"standard","meta":{"footnotes":""},"categories":[6],"tags":[],"class_list":["post-37144","post","type-post","status-publish","format-standard","has-post-thumbnail","hentry","category-noticias"],"_links":{"self":[{"href":"https:\/\/www.sincomam.org.br\/index.php\/wp-json\/wp\/v2\/posts\/37144","targetHints":{"allow":["GET"]}}],"collection":[{"href":"https:\/\/www.sincomam.org.br\/index.php\/wp-json\/wp\/v2\/posts"}],"about":[{"href":"https:\/\/www.sincomam.org.br\/index.php\/wp-json\/wp\/v2\/types\/post"}],"author":[{"embeddable":true,"href":"https:\/\/www.sincomam.org.br\/index.php\/wp-json\/wp\/v2\/users\/1527"}],"replies":[{"embeddable":true,"href":"https:\/\/www.sincomam.org.br\/index.php\/wp-json\/wp\/v2\/comments?post=37144"}],"version-history":[{"count":1,"href":"https:\/\/www.sincomam.org.br\/index.php\/wp-json\/wp\/v2\/posts\/37144\/revisions"}],"predecessor-version":[{"id":37145,"href":"https:\/\/www.sincomam.org.br\/index.php\/wp-json\/wp\/v2\/posts\/37144\/revisions\/37145"}],"wp:featuredmedia":[{"embeddable":true,"href":"https:\/\/www.sincomam.org.br\/index.php\/wp-json\/wp\/v2\/media\/18672"}],"wp:attachment":[{"href":"https:\/\/www.sincomam.org.br\/index.php\/wp-json\/wp\/v2\/media?parent=37144"}],"wp:term":[{"taxonomy":"category","embeddable":true,"href":"https:\/\/www.sincomam.org.br\/index.php\/wp-json\/wp\/v2\/categories?post=37144"},{"taxonomy":"post_tag","embeddable":true,"href":"https:\/\/www.sincomam.org.br\/index.php\/wp-json\/wp\/v2\/tags?post=37144"}],"curies":[{"name":"wp","href":"https:\/\/api.w.org\/{rel}","templated":true}]}}