{"id":37128,"date":"2021-12-28T09:30:56","date_gmt":"2021-12-28T12:30:56","guid":{"rendered":"http:\/\/www.sincomam.org.br\/?p=37128"},"modified":"2021-12-28T09:30:56","modified_gmt":"2021-12-28T12:30:56","slug":"exportacao-brasileira-de-vinhos-e-espumantes-aumenta-62-neste-ano","status":"publish","type":"post","link":"https:\/\/www.sincomam.org.br\/index.php\/exportacao-brasileira-de-vinhos-e-espumantes-aumenta-62-neste-ano\/","title":{"rendered":"EXPORTA\u00c7\u00c3O BRASILEIRA DE VINHOS E ESPUMANTES AUMENTA 62% NESTE ANO"},"content":{"rendered":"<p>As exporta\u00e7\u00f5es de vinhos e espumantes cresceram 62% entre janeiro e setembro deste ano em rela\u00e7\u00e3o ao mesmo per\u00edodo do ano passado. Segundo dados da Ideal Consulting divulgados pelo Conselho de Planejamento e Gest\u00e3o da Aplica\u00e7\u00e3o de Recursos Financeiros para Desenvolvimento da Viticulturado Rio Grande do Sul (Consevitis-RS), foram vendido 690,4 mil caixas de nove litros das bebidas para fora do Pa\u00eds.<\/p>\n<p>\u201cExportamos para 53 pa\u00edses, conquistamos muitas medalhas, certificados, o que demonstra que a vitivinicultura brasileira est\u00e1 inserida no mundo. \u00c9 fundamental ampliarmos ainda mais nossa presen\u00e7a em pa\u00edses-alvo como China, Estados Unidos, Reino Unido, Portugal e Alemanha e atingirmos o maior n\u00famero poss\u00edvel de pa\u00edses nos pr\u00f3ximos anos\u201d, declarou Deunir Argenta, presidente da Consevitis, em nota.<\/p>\n<p>A Consevitis fechou um conv\u00eanio com a Ag\u00eancia Brasileira de Promo\u00e7\u00e3o de Exporta\u00e7\u00f5es e Investimentos (Apex-Brasil) de R$ 5 milh\u00f5es, com dura\u00e7\u00e3o at\u00e9 dezembro de 2022.<\/p>\n<p>O consumo interno de vinho tamb\u00e9m ganhou for\u00e7a durante o isolamento social causado pela pandemia de Covid-19. Dados da Organiza\u00e7\u00e3o Internacional da Vinha e do Vinho (OIV) dizem que a alta foi de 18,4% em 2020 em rela\u00e7\u00e3o a 2019.<\/p>\n<p>Entre outubro de 2020 e setembro de 2021, houve alta de 2% no consumo nacional de vinhos em rela\u00e7\u00e3o ao mesmo per\u00edodo de 2019 e 2020. Foram comercializados 492,5 milh\u00f5es de litros.<\/p>\n<p>Fonte: Informativo dos Portos<\/p>\n","protected":false},"excerpt":{"rendered":"<p>As exporta\u00e7\u00f5es de vinhos e espumantes cresceram 62% entre janeiro e setembro deste ano em rela\u00e7\u00e3o ao mesmo per\u00edodo do ano passado. Segundo dados da&#8230;<\/p>\n","protected":false},"author":1527,"featured_media":37129,"comment_status":"closed","ping_status":"closed","sticky":false,"template":"","format":"standard","meta":{"footnotes":""},"categories":[6],"tags":[],"class_list":["post-37128","post","type-post","status-publish","format-standard","has-post-thumbnail","hentry","category-noticias"],"_links":{"self":[{"href":"https:\/\/www.sincomam.org.br\/index.php\/wp-json\/wp\/v2\/posts\/37128","targetHints":{"allow":["GET"]}}],"collection":[{"href":"https:\/\/www.sincomam.org.br\/index.php\/wp-json\/wp\/v2\/posts"}],"about":[{"href":"https:\/\/www.sincomam.org.br\/index.php\/wp-json\/wp\/v2\/types\/post"}],"author":[{"embeddable":true,"href":"https:\/\/www.sincomam.org.br\/index.php\/wp-json\/wp\/v2\/users\/1527"}],"replies":[{"embeddable":true,"href":"https:\/\/www.sincomam.org.br\/index.php\/wp-json\/wp\/v2\/comments?post=37128"}],"version-history":[{"count":1,"href":"https:\/\/www.sincomam.org.br\/index.php\/wp-json\/wp\/v2\/posts\/37128\/revisions"}],"predecessor-version":[{"id":37130,"href":"https:\/\/www.sincomam.org.br\/index.php\/wp-json\/wp\/v2\/posts\/37128\/revisions\/37130"}],"wp:featuredmedia":[{"embeddable":true,"href":"https:\/\/www.sincomam.org.br\/index.php\/wp-json\/wp\/v2\/media\/37129"}],"wp:attachment":[{"href":"https:\/\/www.sincomam.org.br\/index.php\/wp-json\/wp\/v2\/media?parent=37128"}],"wp:term":[{"taxonomy":"category","embeddable":true,"href":"https:\/\/www.sincomam.org.br\/index.php\/wp-json\/wp\/v2\/categories?post=37128"},{"taxonomy":"post_tag","embeddable":true,"href":"https:\/\/www.sincomam.org.br\/index.php\/wp-json\/wp\/v2\/tags?post=37128"}],"curies":[{"name":"wp","href":"https:\/\/api.w.org\/{rel}","templated":true}]}}