{"id":3711,"date":"2014-02-18T08:37:25","date_gmt":"2014-02-18T11:37:25","guid":{"rendered":"http:\/\/www.sincomam.org.br\/?p=3711"},"modified":"2014-02-18T08:41:00","modified_gmt":"2014-02-18T11:41:00","slug":"grupo-americano-garante-compromissos-assumidos-por-eike-baptista-no-porto-do-acu","status":"publish","type":"post","link":"https:\/\/www.sincomam.org.br\/index.php\/grupo-americano-garante-compromissos-assumidos-por-eike-baptista-no-porto-do-acu\/","title":{"rendered":"Grupo americano garante compromissos assumidos por Eike Batista"},"content":{"rendered":"<p><em><strong>Empresa Prumo Log\u00edstica Global desenvolve projetos do Porto do A\u00e7u<\/strong><\/em><\/p>\n<p>Controladora da empresa que assumiu e passou a desenvolver o Porto do A\u00e7u, a empresa Prumo Log\u00edstica Global, do grupo americano EIG, vai manter todos os compromissos assumidos quando o empreendimento ainda se chamava LLX e pertencia ao empres\u00e1rio Eike Batista &#8211; inclusive os acordos estabelecidos com trabalhadores da regi\u00e3o, como pescadores e agricultores.<\/p>\n<p>A informa\u00e7\u00e3o foi dada pelo diretor de implanta\u00e7\u00e3o da empresa, Luis Baroni, durante audi\u00eancia p\u00fablica realizada nesta segunda-feira, pela Comiss\u00e3o Especial do Porto do A\u00e7u, da Assembleia Legislativa do Rio (Alerj), em S\u00e3o Jo\u00e3o da Barra, no norte do estado.<\/p>\n<p>A audi\u00eancia p\u00fablica foi convocada pela Comiss\u00e3o Especial da Alerj para discutir a continuidade das obras de implanta\u00e7\u00e3o do porto e obter garantias de que os compromissos assumidos &#8211; como a constru\u00e7\u00e3o do complexo pesqueiro &#8211; n\u00e3o venham a ser interrompidos, com as altera\u00e7\u00f5es na composi\u00e7\u00e3o acion\u00e1ria do empreendimento.<\/p>\n<p>Para o presidente da comiss\u00e3o, deputado Roberto Henriques (PSD), a empresa que est\u00e1 assumindo o empreendimento j\u00e1 deu a certeza de que o projeto vai ter continuidade, mas que \u00e9 preciso amarrar em detalhes todas as quest\u00f5es envolvendo a obra para que nenhum dos segmentos por ela beneficiados seja prejudicado.<\/p>\n<p>Durante a audi\u00eancia, a presidenta da Companhia de Desenvolvimento Industrial do Estado do Rio de Janeiro (Codin), Maria da Concei\u00e7\u00e3o Ribeiro, informou que j\u00e1 foram atendidos os pedidos dos agricultores, como o fim das desapropria\u00e7\u00f5es e a concess\u00e3o aos agricultores de um aux\u00edlio produ\u00e7\u00e3o, at\u00e9 que eles recebam as indeniza\u00e7\u00f5es pelos terrenos.<\/p>\n<p>Ela acrescentou que &#8220;j\u00e1 foram atendidas com o programa 330 fam\u00edlias, totalizando um aux\u00edlio de R$ 7 milh\u00f5es, mas mesmo assim queremos ouvir os agricultores que n\u00e3o est\u00e3o sendo beneficiados, ou que se sintam prejudicados de alguma forma&#8221;, para que se encontre uma solu\u00e7\u00e3o para o problema.<\/p>\n<p>Para o secret\u00e1rio estadual de Desenvolvimento Econ\u00f4mico, Julio Bueno, o projeto de constru\u00e7\u00e3o do Porto do A\u00e7u \u00e9 uma realidade: &#8220;A obra andou, \u00e9 uma realidade e n\u00e3o tem volta. J\u00e1 temos pontos irrevers\u00edveis acontecendo na cidade. O primeiro que podemos destacar \u00e9 o mineroduto, onde foram investidos US$ 10 bilh\u00f5es. S\u00f3 isso j\u00e1 justificaria a import\u00e2ncia do Porto do A\u00e7u para a regi\u00e3o. Ainda ser\u00e3o investidos R$ 1,2 bilh\u00e3o no projeto at\u00e9 o final do ano, al\u00e9m dos 6 mil empregos gerados at\u00e9 hoje pelo empreendimento&#8221;.<\/p>\n<p>O secret\u00e1rio destacou a import\u00e2ncia do empreendimento para as atividades de explora\u00e7\u00e3o e produ\u00e7\u00e3o de petr\u00f3leo e g\u00e1s da regi\u00e3o do pr\u00e9-sal na Bacia de Santos. &#8220;O Porto do A\u00e7u vai se tornar uma \u00e2ncora important\u00edssima do pr\u00e9-sal&#8221;, pois, de acordo com sua avalia\u00e7\u00e3o, a produ\u00e7\u00e3o brasileira de petr\u00f3leo vai dobrar at\u00e9 2016, e triplicar at\u00e9 2020, com o pr\u00e9-sal.<\/p>\n<p>Fonte: Brasil Econ\u00f4mico \/ Ag\u00eancia Brasil<\/p>\n","protected":false},"excerpt":{"rendered":"<p>Empresa Prumo Log\u00edstica Global desenvolve projetos do Porto do A\u00e7u Controladora da empresa que assumiu e passou a desenvolver o Porto do A\u00e7u, a empresa&#8230;<\/p>\n","protected":false},"author":1182,"featured_media":3712,"comment_status":"closed","ping_status":"closed","sticky":false,"template":"","format":"standard","meta":{"footnotes":""},"categories":[6],"tags":[500,132,501],"class_list":["post-3711","post","type-post","status-publish","format-standard","has-post-thumbnail","hentry","category-noticias","tag-eike-batista","tag-investimento","tag-porto-do-acu"],"_links":{"self":[{"href":"https:\/\/www.sincomam.org.br\/index.php\/wp-json\/wp\/v2\/posts\/3711","targetHints":{"allow":["GET"]}}],"collection":[{"href":"https:\/\/www.sincomam.org.br\/index.php\/wp-json\/wp\/v2\/posts"}],"about":[{"href":"https:\/\/www.sincomam.org.br\/index.php\/wp-json\/wp\/v2\/types\/post"}],"author":[{"embeddable":true,"href":"https:\/\/www.sincomam.org.br\/index.php\/wp-json\/wp\/v2\/users\/1182"}],"replies":[{"embeddable":true,"href":"https:\/\/www.sincomam.org.br\/index.php\/wp-json\/wp\/v2\/comments?post=3711"}],"version-history":[{"count":3,"href":"https:\/\/www.sincomam.org.br\/index.php\/wp-json\/wp\/v2\/posts\/3711\/revisions"}],"predecessor-version":[{"id":3715,"href":"https:\/\/www.sincomam.org.br\/index.php\/wp-json\/wp\/v2\/posts\/3711\/revisions\/3715"}],"wp:featuredmedia":[{"embeddable":true,"href":"https:\/\/www.sincomam.org.br\/index.php\/wp-json\/wp\/v2\/media\/3712"}],"wp:attachment":[{"href":"https:\/\/www.sincomam.org.br\/index.php\/wp-json\/wp\/v2\/media?parent=3711"}],"wp:term":[{"taxonomy":"category","embeddable":true,"href":"https:\/\/www.sincomam.org.br\/index.php\/wp-json\/wp\/v2\/categories?post=3711"},{"taxonomy":"post_tag","embeddable":true,"href":"https:\/\/www.sincomam.org.br\/index.php\/wp-json\/wp\/v2\/tags?post=3711"}],"curies":[{"name":"wp","href":"https:\/\/api.w.org\/{rel}","templated":true}]}}