{"id":37100,"date":"2021-12-27T09:55:39","date_gmt":"2021-12-27T12:55:39","guid":{"rendered":"http:\/\/www.sincomam.org.br\/?p=37100"},"modified":"2021-12-27T09:55:39","modified_gmt":"2021-12-27T12:55:39","slug":"ao-menos-15-estados-e-o-distrito-federal-dizem-que-nao-vao-exigir-pedido-medico-para-a-vacinacao-de-criancas","status":"publish","type":"post","link":"https:\/\/www.sincomam.org.br\/index.php\/ao-menos-15-estados-e-o-distrito-federal-dizem-que-nao-vao-exigir-pedido-medico-para-a-vacinacao-de-criancas\/","title":{"rendered":"Ao menos 15 estados e o Distrito Federal dizem que n\u00e3o v\u00e3o exigir pedido m\u00e9dico para a vacina\u00e7\u00e3o de crian\u00e7as"},"content":{"rendered":"<div class=\"mc-column content-text active-extra-styles \" data-block-type=\"unstyled\" data-block-weight=\"41\" data-block-id=\"2\">\n<p class=\"content-text__container \" data-track-category=\"Link no Texto\" data-track-links=\"\">Ao menos 15 estados, mais o Distrito Federal, dizem que seguir\u00e3o o\u00a0posicionamento do Conselho Nacional de Secret\u00e1rios de Sa\u00fade\u00a0(Conass) e<span class=\"highlight highlighted\">\u00a0n\u00e3o v\u00e3o exigir pedido m\u00e9dico para a vacina\u00e7\u00e3o contra a Covid-19 de crian\u00e7as entre 5 a 11 anos<\/span>.<\/p>\n<\/div>\n<div class=\"wall protected-content\">\n<div class=\"mc-column content-text active-extra-styles\" data-block-type=\"raw\" data-block-weight=\"10\" data-block-id=\"3\"><\/div>\n<div class=\"mc-column content-text active-extra-styles \" data-block-type=\"unstyled\" data-block-weight=\"27\" data-block-id=\"4\">\n<p class=\"content-text__container \" data-track-category=\"Link no Texto\" data-track-links=\"\">S\u00e3o eles:\u00a0<strong>Acre, Bahia, Cear\u00e1, Distrito Federal, Esp\u00edrito Santo, Goi\u00e1s, Maranh\u00e3o, Mato Grosso do Sul, Minas Gerais, Para\u00edba, Par\u00e1, Paran\u00e1, Pernambuco, Piau\u00ed, S\u00e3o Paulo\u00a0<\/strong>e<strong>\u00a0Sergipe.<\/strong><\/p>\n<\/div>\n<div class=\"mc-column content-text active-extra-styles \" data-block-type=\"unstyled\" data-block-weight=\"30\" data-block-id=\"5\">\n<p class=\"content-text__container \" data-track-category=\"Link no Texto\" data-track-links=\"\">Em\u00a0<strong>Santa Catarina<\/strong>, o secret\u00e1rio de Sa\u00fade, Andr\u00e9 Motta, disse ser contra a prescri\u00e7\u00e3o m\u00e9dica, mas\u00a0submeter\u00e1 a decis\u00e3o \u00e0 comiss\u00e3o bipartite, formada pelo estado e representantes dos munic\u00edpios catarinenses.<\/p>\n<\/div>\n<div class=\"content-ads content-ads--reveal\" data-block-type=\"ads\" data-block-id=\"6\">\n<div id=\"banner_materia2\" class=\"tag-manager-publicidade-container mc-has-reveal mc-has-ad-lazyload tag-manager-publicidade-banner_materia2 tag-manager-publicidade-container--carregado tag-manager-publicidade-container--visivel\" data-id=\"banner_materia2\" data-req=\"true\" data-google-query-id=\"COacxbmChPUCFVIruQYdI8UFmA\" data-cid=\"138374279761\" data-lid=\"5848193493\"><\/div>\n<\/div>\n<div class=\"mc-column content-text active-extra-styles\" data-block-type=\"raw\" data-block-weight=\"22\" data-block-id=\"7\">\n<p>A decis\u00e3o do Conass foi divulgada em carta aberta do presidente do Conselho Nacional de Secret\u00e1rios de Sa\u00fade (Conass), Carlos Eduardo de Oliveira Lula, na sexta-feira (24), segundo a qual o documento n\u00e3o ser\u00e1 solicitado no momento da imuniza\u00e7\u00e3o.<\/p>\n<\/div>\n<div class=\"mc-column content-text active-extra-styles \" data-block-type=\"unstyled\" data-block-weight=\"42\" data-block-id=\"9\">\n<p class=\"content-text__container \" data-track-category=\"Link no Texto\" data-track-links=\"\">A declara\u00e7\u00e3o foi dada um dia ap\u00f3s o ministro da Sa\u00fade,\u00a0Marcelo Queiroga, afirmar que a pasta recomendar\u00e1 que as crian\u00e7as de 5 a 11 anos sejam vacinadas\u00a0desde que haja prescri\u00e7\u00e3o m\u00e9dica e assinatura de termo de consentimento pelos pais.<\/p>\n<\/div>\n<div class=\"mc-column content-text active-extra-styles \" data-block-type=\"unstyled\" data-block-weight=\"39\" data-block-id=\"10\">\n<p class=\"content-text__container \" data-track-category=\"Link no Texto\" data-track-links=\"\">Entretanto, at\u00e9 o momento, o\u00a0Minist\u00e9rio da Sa\u00fade\u00a0<span class=\"highlight highlighted\">n\u00e3o adotou medidas para iniciar a aplica\u00e7\u00e3o da vacina em crian\u00e7as<\/span>. Ao inv\u00e9s disso, anunciou a\u00a0realiza\u00e7\u00e3o de uma consulta p\u00fablica\u00a0para ouvir a sociedade a respeito da imuniza\u00e7\u00e3o desse p\u00fablico.<\/p>\n<\/div>\n<div class=\"mc-column content-text active-extra-styles \" data-block-type=\"unstyled\" data-block-weight=\"40\" data-block-id=\"11\">\n<p class=\"content-text__container \" data-track-category=\"Link no Texto\" data-track-links=\"\">A\u00a0imuniza\u00e7\u00e3o deste p\u00fablico com a vacina da Pfizer foi autorizada\u00a0pela Ag\u00eancia Nacional de Vigil\u00e2ncia Sanit\u00e1ria (Anvisa) no dia 16 de dezembro. A\u00a0Anvisa\u00a0\u00e9 o \u00f3rg\u00e3o de estado respons\u00e1vel pela palavra final em rela\u00e7\u00e3o \u00e0 libera\u00e7\u00e3o de vacinas.<\/p>\n<\/div>\n<div class=\"mc-column content-text active-extra-styles\" data-block-type=\"raw\" data-block-weight=\"6\" data-block-id=\"12\">\n<p class=\"content-text__container\">Veja a situa\u00e7\u00e3o em cada estado:<\/p>\n<\/div>\n<div class=\"mc-column content-text active-extra-styles\" data-block-type=\"raw\" data-block-weight=\"275\" data-block-id=\"13\">\n<ul class=\"content-unordered-list\">\n<li><strong>Acre:<\/strong>\u00a0n\u00e3o exigir\u00e1 receita m\u00e9dica para vacinar crian\u00e7as<\/li>\n<li><strong>Alagoas:\u00a0<\/strong>governo n\u00e3o se manifestou<\/li>\n<li><strong>Amazonas:\u00a0<\/strong>governo informou que vai aguardar\u00a0decis\u00e3o do Minist\u00e9rio da Sa\u00fade<\/li>\n<li><strong>Amap\u00e1:\u00a0<\/strong>governo n\u00e3o se manifestou<\/li>\n<li><strong>Bahia:\u00a0<\/strong>n\u00e3o exigir\u00e1 receita m\u00e9dica para vacinar crian\u00e7as<\/li>\n<li><strong>Cear\u00e1:\u00a0<\/strong>n\u00e3o exigir\u00e1 receita m\u00e9dica para vacinar crian\u00e7as<\/li>\n<li><strong>Distrito Federal:<\/strong><strong>\u00a0<\/strong>n\u00e3o exigir\u00e1 receita m\u00e9dica para vacinar crian\u00e7as<\/li>\n<li><strong>Esp\u00edrito Santo:\u00a0<\/strong>n\u00e3o exigir\u00e1 receita m\u00e9dica para vacinar crian\u00e7as<\/li>\n<li><strong>Goi\u00e1s:\u00a0<\/strong>n\u00e3o exigir\u00e1 receita m\u00e9dica para vacinar crian\u00e7as<\/li>\n<li><strong>Maranh\u00e3o<\/strong>:\u00a0n\u00e3o exigir\u00e1 receita m\u00e9dica para vacinar crian\u00e7as<\/li>\n<li><strong>Minas Gerais:\u00a0<\/strong>n\u00e3o exigir\u00e1 receita m\u00e9dica para vacinar crian\u00e7as<\/li>\n<li><strong>Mato Grosso:\u00a0<\/strong>governo ainda n\u00e3o se manifestou<\/li>\n<li><strong>Mato Grosso do Sul:\u00a0<\/strong>n\u00e3o exigir\u00e1 receita m\u00e9dica para vacinar crian\u00e7as<\/li>\n<li><strong>Par\u00e1:\u00a0<\/strong>n\u00e3o exigir\u00e1 receita m\u00e9dica para vacinar crian\u00e7as<\/li>\n<li><strong>Para\u00edba:\u00a0<\/strong>n\u00e3o exigir\u00e1 receita m\u00e9dica para vacinar crian\u00e7as<\/li>\n<li><strong>Pernambuco<\/strong>:\u00a0n\u00e3o exigir\u00e1 receita m\u00e9dica para vacinar crian\u00e7as<\/li>\n<li><strong>Piau\u00ed:\u00a0<\/strong>n\u00e3o exigir\u00e1 receita m\u00e9dica para vacinar crian\u00e7as<\/li>\n<li><strong>Paran\u00e1:\u00a0<\/strong>n\u00e3o exigir\u00e1 receita m\u00e9dica para vacinar crian\u00e7as<\/li>\n<li><strong>Rio de Janeiro:\u00a0<\/strong>governo n\u00e3o se manifestou<\/li>\n<li><strong>Rio Grande do Norte:\u00a0<\/strong>governo n\u00e3o se manifestou<\/li>\n<li><strong>Rond\u00f4nia:\u00a0<\/strong>governo n\u00e3o se manifestou<\/li>\n<li><strong>Roraima:\u00a0<\/strong>governo n\u00e3o se manifestou<\/li>\n<li><strong>Rio Grande do Sul:\u00a0<\/strong>vai debater a necessidade ou n\u00e3o com prescri\u00e7\u00e3o em uma comiss\u00e3o formada por estado e munic\u00edpios<strong><br \/>\n<\/strong><\/li>\n<li><strong>Santa Catarina:\u00a0<\/strong>secret\u00e1rio disse que \u00e9 contra prescri\u00e7\u00e3o m\u00e9dica para vacinar crian\u00e7as, mas submeter\u00e1 decis\u00e3o a uma comiss\u00e3o formada por estado e munic\u00edpios<\/li>\n<li><strong>Sergipe:\u00a0<\/strong>n\u00e3o exigir\u00e1 receita m\u00e9dica para vacinar crian\u00e7as. Em nota, a Secretaria de Estado da Sa\u00fade disse considerar &#8220;urgente o in\u00edcio do processo de imuniza\u00e7\u00e3o das crian\u00e7as, de 5 a 11 anos de idade, contra \u00e0 Covid-19 e que nenhuma barreira deve ser criada para a vacina\u00e7\u00e3o&#8221;.<strong><br \/>\n<\/strong><\/li>\n<li><strong>S\u00e3o Paulo:\u00a0<\/strong>n\u00e3o exigir\u00e1 receita m\u00e9dica para vacinar crian\u00e7as<\/li>\n<li><strong>Tocantins:\u00a0<\/strong>governo n\u00e3o se manifestou<\/li>\n<\/ul>\n<p>Fonte: G1<\/p>\n<\/div>\n<\/div>\n","protected":false},"excerpt":{"rendered":"<p>Ao menos 15 estados, mais o Distrito Federal, dizem que seguir\u00e3o o\u00a0posicionamento do Conselho Nacional de Secret\u00e1rios de Sa\u00fade\u00a0(Conass) e\u00a0n\u00e3o v\u00e3o exigir pedido m\u00e9dico para&#8230;<\/p>\n","protected":false},"author":1527,"featured_media":36860,"comment_status":"closed","ping_status":"closed","sticky":false,"template":"","format":"standard","meta":{"footnotes":""},"categories":[6],"tags":[],"class_list":["post-37100","post","type-post","status-publish","format-standard","has-post-thumbnail","hentry","category-noticias"],"_links":{"self":[{"href":"https:\/\/www.sincomam.org.br\/index.php\/wp-json\/wp\/v2\/posts\/37100","targetHints":{"allow":["GET"]}}],"collection":[{"href":"https:\/\/www.sincomam.org.br\/index.php\/wp-json\/wp\/v2\/posts"}],"about":[{"href":"https:\/\/www.sincomam.org.br\/index.php\/wp-json\/wp\/v2\/types\/post"}],"author":[{"embeddable":true,"href":"https:\/\/www.sincomam.org.br\/index.php\/wp-json\/wp\/v2\/users\/1527"}],"replies":[{"embeddable":true,"href":"https:\/\/www.sincomam.org.br\/index.php\/wp-json\/wp\/v2\/comments?post=37100"}],"version-history":[{"count":1,"href":"https:\/\/www.sincomam.org.br\/index.php\/wp-json\/wp\/v2\/posts\/37100\/revisions"}],"predecessor-version":[{"id":37101,"href":"https:\/\/www.sincomam.org.br\/index.php\/wp-json\/wp\/v2\/posts\/37100\/revisions\/37101"}],"wp:featuredmedia":[{"embeddable":true,"href":"https:\/\/www.sincomam.org.br\/index.php\/wp-json\/wp\/v2\/media\/36860"}],"wp:attachment":[{"href":"https:\/\/www.sincomam.org.br\/index.php\/wp-json\/wp\/v2\/media?parent=37100"}],"wp:term":[{"taxonomy":"category","embeddable":true,"href":"https:\/\/www.sincomam.org.br\/index.php\/wp-json\/wp\/v2\/categories?post=37100"},{"taxonomy":"post_tag","embeddable":true,"href":"https:\/\/www.sincomam.org.br\/index.php\/wp-json\/wp\/v2\/tags?post=37100"}],"curies":[{"name":"wp","href":"https:\/\/api.w.org\/{rel}","templated":true}]}}