{"id":3709,"date":"2014-02-18T08:32:53","date_gmt":"2014-02-18T11:32:53","guid":{"rendered":"http:\/\/www.sincomam.org.br\/?p=3709"},"modified":"2014-02-18T08:32:53","modified_gmt":"2014-02-18T11:32:53","slug":"petrobras-tera-de-rever-projetos-no-pre-sal-do-es","status":"publish","type":"post","link":"https:\/\/www.sincomam.org.br\/index.php\/petrobras-tera-de-rever-projetos-no-pre-sal-do-es\/","title":{"rendered":"Petrobras ter\u00e1 de rever projetos no pr\u00e9-sal do ES"},"content":{"rendered":"<p>Quase todos os campos do Parque das Baleias, na por\u00e7\u00e3o capixaba da Bacia de Campos, cont\u00e9m um \u00fanico reservat\u00f3rio do pr\u00e9-sal. A partir desta conclus\u00e3o e com justificativas t\u00e9cnicas e contratuais, a Ag\u00eancia Nacional do Petr\u00f3leo, G\u00e1s Natural e Biocombust\u00edveis (ANP) deu seis meses para a Petrobras apresentar um novo Plano de Desenvolvimento para o Campo de Jubarte sob pena de perder a concess\u00e3o.<\/p>\n<p>O novo documento dever\u00e1 incorporar diversos outros campos do Parque das Baleias, que ser\u00e3o considerados a partir de agora \u00e1reas do Campo de Jubarte. S\u00e3o eles os campos de Baleia An\u00e3, Baleia Azul, Baleia Franca, Cachalote, Caxar\u00e9u, Jubarte e Pirambu. A decis\u00e3o foi tomada em reuni\u00e3o de diretoria de 5 de fevereiro.<\/p>\n<p>Descoberto em janeiro de 2001, o Campo de Jubarte j\u00e1 tinha um Plano de Desenvolvimento aprovado desde 2003.<\/p>\n<p>Devido \u00e0s mudan\u00e7as, a ag\u00eancia determinou que a cobran\u00e7a das participa\u00e7\u00f5es governamentais da concession\u00e1ria e a sua distribui\u00e7\u00e3o aos benefici\u00e1rios legais tenha os novos efeitos contemplados a partir da produ\u00e7\u00e3o de mar\u00e7o para os royalties e a partir da produ\u00e7\u00e3o do segundo trimestre de 2014, para a participa\u00e7\u00e3o especial (PE).<\/p>\n<p>A ANP tamb\u00e9m est\u00e1 investigando se houve irregularidades na opera\u00e7\u00e3o do Campo de Baleia Franca. Com isso, determinou que a Superintend\u00eancia de Desenvolvimento e Produ\u00e7\u00e3o (SDP) autue a Petrobras para que sejam apurados ind\u00edcios de que a empresa n\u00e3o teria autoriza\u00e7\u00e3o para iniciar a produ\u00e7\u00e3o na \u00e1rea.<\/p>\n<p>O Parque das Baleias contribuiu de forma expressiva para o aumento das reservas provadas no pr\u00e9-sal em 2013. Da incorpora\u00e7\u00e3o de reservas do pr\u00e9-sal no ano passado, 65% se originaram das concess\u00f5es de Lula, Lula\/\u00c1rea de Iracema e Sapinho\u00e1, na Bacia de Santos, e 35% das concess\u00f5es do Parque das Baleias e Marlim Leste, na Bacia de Campos.<\/p>\n<p>Devido a sua import\u00e2ncia, a Petrobras tem investido no local. Para este trimestre, est\u00e1 prevista a entrada em produ\u00e7\u00e3o da plataforma P-58 no norte da \u00e1rea. A unidade, que entraria em opera\u00e7\u00e3o em 2013, iniciou fevereiro em fase final de instala\u00e7\u00e3o. Em 2012, a empresa tamb\u00e9m colocou em opera\u00e7\u00e3o, no Campo de Baleia Azul, a plataforma Cidade de Anchieta. O plano de neg\u00f3cios 2013-2017 prev\u00ea ainda uma nova plataforma em 2018.<\/p>\n<p>Fonte: Valor Econ\u00f4mico\/Marta Nogueira<\/p>\n","protected":false},"excerpt":{"rendered":"<p>Quase todos os campos do Parque das Baleias, na por\u00e7\u00e3o capixaba da Bacia de Campos, cont\u00e9m um \u00fanico reservat\u00f3rio do pr\u00e9-sal. A partir desta conclus\u00e3o&#8230;<\/p>\n","protected":false},"author":1182,"featured_media":0,"comment_status":"closed","ping_status":"closed","sticky":false,"template":"","format":"standard","meta":{"footnotes":""},"categories":[6],"tags":[494,495,496,497,493,498,499,58,77,316],"class_list":["post-3709","post","type-post","status-publish","format-standard","hentry","category-noticias","tag-baleia-ana","tag-baleia-azul","tag-baleia-franca","tag-cachalote","tag-campos","tag-caxareu","tag-jubarte-e-pirambu","tag-petrobras","tag-pre-sal","tag-revisao"],"_links":{"self":[{"href":"https:\/\/www.sincomam.org.br\/index.php\/wp-json\/wp\/v2\/posts\/3709","targetHints":{"allow":["GET"]}}],"collection":[{"href":"https:\/\/www.sincomam.org.br\/index.php\/wp-json\/wp\/v2\/posts"}],"about":[{"href":"https:\/\/www.sincomam.org.br\/index.php\/wp-json\/wp\/v2\/types\/post"}],"author":[{"embeddable":true,"href":"https:\/\/www.sincomam.org.br\/index.php\/wp-json\/wp\/v2\/users\/1182"}],"replies":[{"embeddable":true,"href":"https:\/\/www.sincomam.org.br\/index.php\/wp-json\/wp\/v2\/comments?post=3709"}],"version-history":[{"count":1,"href":"https:\/\/www.sincomam.org.br\/index.php\/wp-json\/wp\/v2\/posts\/3709\/revisions"}],"predecessor-version":[{"id":3710,"href":"https:\/\/www.sincomam.org.br\/index.php\/wp-json\/wp\/v2\/posts\/3709\/revisions\/3710"}],"wp:attachment":[{"href":"https:\/\/www.sincomam.org.br\/index.php\/wp-json\/wp\/v2\/media?parent=3709"}],"wp:term":[{"taxonomy":"category","embeddable":true,"href":"https:\/\/www.sincomam.org.br\/index.php\/wp-json\/wp\/v2\/categories?post=3709"},{"taxonomy":"post_tag","embeddable":true,"href":"https:\/\/www.sincomam.org.br\/index.php\/wp-json\/wp\/v2\/tags?post=3709"}],"curies":[{"name":"wp","href":"https:\/\/api.w.org\/{rel}","templated":true}]}}