{"id":37089,"date":"2021-12-27T09:35:34","date_gmt":"2021-12-27T12:35:34","guid":{"rendered":"http:\/\/www.sincomam.org.br\/?p=37089"},"modified":"2021-12-27T09:35:34","modified_gmt":"2021-12-27T12:35:34","slug":"porto-do-itaqui-reduz-tarifa-para-navios-com-bom-desempenho-ambiental-2","status":"publish","type":"post","link":"https:\/\/www.sincomam.org.br\/index.php\/porto-do-itaqui-reduz-tarifa-para-navios-com-bom-desempenho-ambiental-2\/","title":{"rendered":"Porto do Itaqui reduz tarifa para navios com bom desempenho ambiental"},"content":{"rendered":"<p>Os navios que atracarem no Porto do Itaqui e comprovarem melhor desempenho ambiental, especialmente na redu\u00e7\u00e3o de emiss\u00e3o de gases de efeito estufa, ter\u00e3o desconto nas tarifas portu\u00e1rias. A medida integra as a\u00e7\u00f5es de sustentabilidade da Emap \u2013 Empresa Maranhense de Administra\u00e7\u00e3o Portu\u00e1ria, gestora do Itaqui, e est\u00e1 inclu\u00edda no novo tarif\u00e1rio que entra em vigor no dia 29.<\/p>\n<p>Podem obter o desconto todos os navios que apresentarem certifica\u00e7\u00e3o volunt\u00e1ria de desempenho ambiental ou que estejam inscritos no programa ESI, o \u00cdndice Ambiental de Navios (da sigla em ingl\u00eas \u2014 Environmental Ship Index). A oferta de desconto em taxas aplic\u00e1veis a navios e cargas mais sustent\u00e1veis \u00e9 um dos crit\u00e9rios do IDA \u2014 \u00cdndice de Desempenho Ambiental da Ag\u00eancia Nacional de Transporte Aquavi\u00e1rio.<\/p>\n<p>O ESI identifica e classifica, em todo o mundo, embarca\u00e7\u00f5es que possuem melhor desempenho na redu\u00e7\u00e3o das emiss\u00f5es atmosf\u00e9ricas do que os exigidos pelos atuais padr\u00f5es da IMO (Organiza\u00e7\u00e3o Mar\u00edtima Internacional). Essa iniciativa tem amparo nas diretrizes do Protocolo de Kyoto, voltado para a redu\u00e7\u00e3o das emiss\u00f5es de gases de efeito estufa e uso de tecnologias limpas no setor mar\u00edtimo. O Porto do Itaqui \u00e9 o \u00fanico porto p\u00fablico do Brasil vinculado ao programa ESI.<\/p>\n<p>\u201cEstamos avan\u00e7ando para al\u00e9m do debate, com a\u00e7\u00f5es concretas como a ades\u00e3o ao ESI, a cria\u00e7\u00e3o de um grupo de estudo e pesquisa sobre mudan\u00e7as clim\u00e1ticas e a elabora\u00e7\u00e3o de nosso Invent\u00e1rio de Gases de Efeito Estufa, que vai servir de base para tra\u00e7armos as metas de descarboniza\u00e7\u00e3o gradual de nossas atividades\u201d, afirma o presidente do Itaqui, Ted Lago.<\/p>\n<div id=\"beacon_ff7704bfb7\">De acordo com o novo tarif\u00e1rio do Porto do Itaqui, as embarca\u00e7\u00f5es que tiverem acima de 40 pontos na tabela do ESI t\u00eam direito a um desconto de 5% nas taxas que tratam de acesso aquavi\u00e1rio. O ESI pontua as embarca\u00e7\u00f5es com notas de 0 a 100, a partir da an\u00e1lise do uso de tecnologias para sistemas ou combust\u00edveis que permitam a redu\u00e7\u00e3o de emiss\u00e3o do \u00f3xido de nitrog\u00eanio (NOX) e \u00f3xido de enxofre (SOX) para al\u00e9m dos limites regulamentares exigidos.<\/div>\n<p>O primeiro passo para o estabelecimento de metas de redu\u00e7\u00e3o de carbono no porto p\u00fablico do Maranh\u00e3o j\u00e1 foi dado, com a conclus\u00e3o do Invent\u00e1rio de Emiss\u00e3o de Gases de Efeito Estufa, instrumento que visa identificar e mensurar as emiss\u00f5es de carbono na atividade portu\u00e1ria. O estudo mapeou as atividades do Porto do Itaqui e terminais externos da Ponta da Espera e do Cujupe.<\/p>\n<p>O invent\u00e1rio \u00e9 o diagn\u00f3stico que possibilitar\u00e1 a defini\u00e7\u00e3o de metas e elabora\u00e7\u00e3o do plano de a\u00e7\u00e3o para redu\u00e7\u00e3o das emiss\u00f5es de GEE decorrentes da atividade portu\u00e1ria. Algumas a\u00e7\u00f5es est\u00e3o previstas para o primeiro semestre de 2022, como a substitui\u00e7\u00e3o do combust\u00edvel da frota de ve\u00edculos da Emap para outros menos poluentes.<\/p>\n<p>Um dos maiores desafios no Porto do Itaqui \u00e9 viabilizar sua transi\u00e7\u00e3o energ\u00e9tica, investindo em fontes renov\u00e1veis e limpas de gera\u00e7\u00e3o de energia. Para isso, a EMAP j\u00e1 disp\u00f5e de um Comit\u00ea de Pesquisa, Desenvolvimento e Inova\u00e7\u00e3o que, com a parceria de universidades e empresas locais, estudam novas alternativas energ\u00e9ticas, como plantas de energia solar e projetos para gera\u00e7\u00e3o de hidrog\u00eanio verde.<\/p>\n<p>&nbsp;<\/p>\n<p>Fonte: Portos e Navios<\/p>\n","protected":false},"excerpt":{"rendered":"<p>Os navios que atracarem no Porto do Itaqui e comprovarem melhor desempenho ambiental, especialmente na redu\u00e7\u00e3o de emiss\u00e3o de gases de efeito estufa, ter\u00e3o desconto&#8230;<\/p>\n","protected":false},"author":1527,"featured_media":37090,"comment_status":"closed","ping_status":"closed","sticky":false,"template":"","format":"standard","meta":{"footnotes":""},"categories":[6],"tags":[],"class_list":["post-37089","post","type-post","status-publish","format-standard","has-post-thumbnail","hentry","category-noticias"],"_links":{"self":[{"href":"https:\/\/www.sincomam.org.br\/index.php\/wp-json\/wp\/v2\/posts\/37089","targetHints":{"allow":["GET"]}}],"collection":[{"href":"https:\/\/www.sincomam.org.br\/index.php\/wp-json\/wp\/v2\/posts"}],"about":[{"href":"https:\/\/www.sincomam.org.br\/index.php\/wp-json\/wp\/v2\/types\/post"}],"author":[{"embeddable":true,"href":"https:\/\/www.sincomam.org.br\/index.php\/wp-json\/wp\/v2\/users\/1527"}],"replies":[{"embeddable":true,"href":"https:\/\/www.sincomam.org.br\/index.php\/wp-json\/wp\/v2\/comments?post=37089"}],"version-history":[{"count":1,"href":"https:\/\/www.sincomam.org.br\/index.php\/wp-json\/wp\/v2\/posts\/37089\/revisions"}],"predecessor-version":[{"id":37091,"href":"https:\/\/www.sincomam.org.br\/index.php\/wp-json\/wp\/v2\/posts\/37089\/revisions\/37091"}],"wp:featuredmedia":[{"embeddable":true,"href":"https:\/\/www.sincomam.org.br\/index.php\/wp-json\/wp\/v2\/media\/37090"}],"wp:attachment":[{"href":"https:\/\/www.sincomam.org.br\/index.php\/wp-json\/wp\/v2\/media?parent=37089"}],"wp:term":[{"taxonomy":"category","embeddable":true,"href":"https:\/\/www.sincomam.org.br\/index.php\/wp-json\/wp\/v2\/categories?post=37089"},{"taxonomy":"post_tag","embeddable":true,"href":"https:\/\/www.sincomam.org.br\/index.php\/wp-json\/wp\/v2\/tags?post=37089"}],"curies":[{"name":"wp","href":"https:\/\/api.w.org\/{rel}","templated":true}]}}