{"id":37068,"date":"2021-12-24T08:30:39","date_gmt":"2021-12-24T11:30:39","guid":{"rendered":"http:\/\/www.sincomam.org.br\/?p=37068"},"modified":"2021-12-24T01:22:45","modified_gmt":"2021-12-24T04:22:45","slug":"ano-de-2022-tera-apenas-um-feriado-nacional-prolongado","status":"publish","type":"post","link":"https:\/\/www.sincomam.org.br\/index.php\/ano-de-2022-tera-apenas-um-feriado-nacional-prolongado\/","title":{"rendered":"Ano de 2022 ter\u00e1 apenas um feriado nacional prolongado"},"content":{"rendered":"<p>O ano de 2022 ter\u00e1 apenas um feriado nacional prolongado, a Paix\u00e3o de Cristo, dia\u00a015 de abril, que tradicionalmente cai em uma sexta-feira, podendo ser emendado com o fim de semana. Isso sem considerar os feriados estaduais e municipais e festejos como o carnaval, que \u00e9 ponto facultativo (algumas cidades adotam como feriado) e vai de segunda a quarta-feira, dias\u00a028 de fevereiro, 1\u00ba e\u00a02 de mar\u00e7o.<img decoding=\"async\" src=\"https:\/\/agenciabrasil.ebc.com.br\/ebc.png?id=1433428&amp;o=node\" \/><img decoding=\"async\" src=\"https:\/\/agenciabrasil.ebc.com.br\/ebc.gif?id=1433428&amp;o=node\" \/><\/p>\n<p>A portaria do Minist\u00e9rio da Economia, que estabelece os dias de descanso no \u00e2mbito da administra\u00e7\u00e3o p\u00fablica federal, foi publicada\u00a0hoje\u00a0(22) no\u00a0<em>Di\u00e1rio Oficial da Uni\u00e3o<\/em>. Os feriados estaduais e municipais tamb\u00e9m ser\u00e3o observados nas respectivas localidades, e os servi\u00e7os considerados essenciais dever\u00e3o ser preservados nesses dias.<\/p>\n<p>Tr\u00eas feriados nacionais ser\u00e3o celebrados nos fins de semana, come\u00e7ando com 1\u00ba de janeiro, dia da Confraterniza\u00e7\u00e3o Universal e celebra\u00e7\u00e3o do Ano-Novo, que ser\u00e1 s\u00e1bado. Dias 1\u00ba de maio (Dia Mundial do Trabalho) e\u00a025 de dezembro\u00a0(Natal) ser\u00e3o no\u00a0domingo.<\/p>\n<p>Al\u00e9m desses, tamb\u00e9m s\u00e3o considerados feriados nacionais os dias\u00a021 de abril\u00a0(Tiradentes),\u00a07 de setembro\u00a0(Independ\u00eancia do Brasil),\u00a012 de outubro\u00a0(Nossa Senhora Aparecida),\u00a02 de novembro\u00a0(Finados) e\u00a015 de novembro\u00a0(Proclama\u00e7\u00e3o da Rep\u00fablica).\u00a0Na lista do Minist\u00e9rio da Economia tamb\u00e9m est\u00e3o os pontos facultativos de\u00a016 de junho\u00a0(Corpus Christi) e\u00a028 de outubro\u00a0(Dia do Servidor P\u00fablico).<\/p>\n<p>Fonte: Ag\u00eancia Brasil<\/p>\n","protected":false},"excerpt":{"rendered":"<p>O ano de 2022 ter\u00e1 apenas um feriado nacional prolongado, a Paix\u00e3o de Cristo, dia\u00a015 de abril, que tradicionalmente cai em uma sexta-feira, podendo ser&#8230;<\/p>\n","protected":false},"author":1527,"featured_media":37000,"comment_status":"closed","ping_status":"closed","sticky":false,"template":"","format":"standard","meta":{"footnotes":""},"categories":[6],"tags":[],"class_list":["post-37068","post","type-post","status-publish","format-standard","has-post-thumbnail","hentry","category-noticias"],"_links":{"self":[{"href":"https:\/\/www.sincomam.org.br\/index.php\/wp-json\/wp\/v2\/posts\/37068","targetHints":{"allow":["GET"]}}],"collection":[{"href":"https:\/\/www.sincomam.org.br\/index.php\/wp-json\/wp\/v2\/posts"}],"about":[{"href":"https:\/\/www.sincomam.org.br\/index.php\/wp-json\/wp\/v2\/types\/post"}],"author":[{"embeddable":true,"href":"https:\/\/www.sincomam.org.br\/index.php\/wp-json\/wp\/v2\/users\/1527"}],"replies":[{"embeddable":true,"href":"https:\/\/www.sincomam.org.br\/index.php\/wp-json\/wp\/v2\/comments?post=37068"}],"version-history":[{"count":2,"href":"https:\/\/www.sincomam.org.br\/index.php\/wp-json\/wp\/v2\/posts\/37068\/revisions"}],"predecessor-version":[{"id":37070,"href":"https:\/\/www.sincomam.org.br\/index.php\/wp-json\/wp\/v2\/posts\/37068\/revisions\/37070"}],"wp:featuredmedia":[{"embeddable":true,"href":"https:\/\/www.sincomam.org.br\/index.php\/wp-json\/wp\/v2\/media\/37000"}],"wp:attachment":[{"href":"https:\/\/www.sincomam.org.br\/index.php\/wp-json\/wp\/v2\/media?parent=37068"}],"wp:term":[{"taxonomy":"category","embeddable":true,"href":"https:\/\/www.sincomam.org.br\/index.php\/wp-json\/wp\/v2\/categories?post=37068"},{"taxonomy":"post_tag","embeddable":true,"href":"https:\/\/www.sincomam.org.br\/index.php\/wp-json\/wp\/v2\/tags?post=37068"}],"curies":[{"name":"wp","href":"https:\/\/api.w.org\/{rel}","templated":true}]}}