{"id":37064,"date":"2021-12-24T08:30:19","date_gmt":"2021-12-24T11:30:19","guid":{"rendered":"http:\/\/www.sincomam.org.br\/?p=37064"},"modified":"2021-12-24T01:18:17","modified_gmt":"2021-12-24T04:18:17","slug":"cefan-reavalia-militares-da-estacao-antartica-comandante-ferraz-apos-regresso-de-missao","status":"publish","type":"post","link":"https:\/\/www.sincomam.org.br\/index.php\/cefan-reavalia-militares-da-estacao-antartica-comandante-ferraz-apos-regresso-de-missao\/","title":{"rendered":"CEFAN reavalia militares da Esta\u00e7\u00e3o Ant\u00e1rtica Comandante Ferraz ap\u00f3s regresso de miss\u00e3o"},"content":{"rendered":"<div class=\"rtejustify\">O Centro de Educa\u00e7\u00e3o F\u00edsica Almirante Adalberto Nunes (CEFAN) realizou um projeto de pesquisa in\u00e9dito com a an\u00e1lise dos aspectos f\u00edsicos e antropom\u00e9tricos dos militares que participaram da miss\u00e3o na Esta\u00e7\u00e3o Ant\u00e1rtica Comandante Ferraz (EACF) 2020\/2021.\u00a0O objetivo da pesquisa, realizada em 16 de dezembro de 2021 no Laborat\u00f3rio de Pesquisa em Ci\u00eancias do Exerc\u00edcio e Performance (LABOCE) do CEFAN, \u00e9 identificar o impacto da Comiss\u00e3o Ant\u00e1rtica em vari\u00e1veis de condicionamento f\u00edsico e composi\u00e7\u00e3o corporal, tra\u00e7ando um perfil geral destes par\u00e2metros antes e depois da miss\u00e3o.<\/div>\n<div class=\"rtejustify\"><\/div>\n<div class=\"rtejustify\">Com as an\u00e1lises, os pesquisadores do CEFAN poder\u00e3o conhecer melhor os efeitos do confinamento, das baixas temperaturas e de outras particularidades daquela regi\u00e3o, nas caracter\u00edsticas f\u00edsicas dos participantes, bem como elaborar estrat\u00e9gias de treinamento espec\u00edficas para esses militares. Os resultados poder\u00e3o contribuir, com ainda mais efic\u00e1cia, para a perman\u00eancia dos militares do Brasil no continente ant\u00e1rtico.<\/div>\n<div class=\"rtejustify\"><\/div>\n<div class=\"rtejustify\">O CEFAN \u00e9 respons\u00e1vel por efetuar pesquisas cient\u00edficas em Ci\u00eancias do Exerc\u00edcio e do Esporte e do Desempenho do combatente com o estudo dos fatores de risco de les\u00f5es musculoesquel\u00e9ticas em militares e atletas de alto rendimento e do desempenho f\u00edsico dos militares, como por exemplo, de Opera\u00e7\u00f5es Especiais.<\/div>\n","protected":false},"excerpt":{"rendered":"<p>O Centro de Educa\u00e7\u00e3o F\u00edsica Almirante Adalberto Nunes (CEFAN) realizou um projeto de pesquisa in\u00e9dito com a an\u00e1lise dos aspectos f\u00edsicos e antropom\u00e9tricos dos militares&#8230;<\/p>\n","protected":false},"author":1527,"featured_media":37065,"comment_status":"closed","ping_status":"closed","sticky":false,"template":"","format":"standard","meta":{"footnotes":""},"categories":[6],"tags":[],"class_list":["post-37064","post","type-post","status-publish","format-standard","has-post-thumbnail","hentry","category-noticias"],"_links":{"self":[{"href":"https:\/\/www.sincomam.org.br\/index.php\/wp-json\/wp\/v2\/posts\/37064","targetHints":{"allow":["GET"]}}],"collection":[{"href":"https:\/\/www.sincomam.org.br\/index.php\/wp-json\/wp\/v2\/posts"}],"about":[{"href":"https:\/\/www.sincomam.org.br\/index.php\/wp-json\/wp\/v2\/types\/post"}],"author":[{"embeddable":true,"href":"https:\/\/www.sincomam.org.br\/index.php\/wp-json\/wp\/v2\/users\/1527"}],"replies":[{"embeddable":true,"href":"https:\/\/www.sincomam.org.br\/index.php\/wp-json\/wp\/v2\/comments?post=37064"}],"version-history":[{"count":1,"href":"https:\/\/www.sincomam.org.br\/index.php\/wp-json\/wp\/v2\/posts\/37064\/revisions"}],"predecessor-version":[{"id":37066,"href":"https:\/\/www.sincomam.org.br\/index.php\/wp-json\/wp\/v2\/posts\/37064\/revisions\/37066"}],"wp:featuredmedia":[{"embeddable":true,"href":"https:\/\/www.sincomam.org.br\/index.php\/wp-json\/wp\/v2\/media\/37065"}],"wp:attachment":[{"href":"https:\/\/www.sincomam.org.br\/index.php\/wp-json\/wp\/v2\/media?parent=37064"}],"wp:term":[{"taxonomy":"category","embeddable":true,"href":"https:\/\/www.sincomam.org.br\/index.php\/wp-json\/wp\/v2\/categories?post=37064"},{"taxonomy":"post_tag","embeddable":true,"href":"https:\/\/www.sincomam.org.br\/index.php\/wp-json\/wp\/v2\/tags?post=37064"}],"curies":[{"name":"wp","href":"https:\/\/api.w.org\/{rel}","templated":true}]}}