{"id":37058,"date":"2021-12-24T08:30:40","date_gmt":"2021-12-24T11:30:40","guid":{"rendered":"http:\/\/www.sincomam.org.br\/?p=37058"},"modified":"2021-12-24T01:12:03","modified_gmt":"2021-12-24T04:12:03","slug":"aplicativo-conectesus-e-restabelecido-diz-ministerio-da-saude","status":"publish","type":"post","link":"https:\/\/www.sincomam.org.br\/index.php\/aplicativo-conectesus-e-restabelecido-diz-ministerio-da-saude\/","title":{"rendered":"Aplicativo ConecteSUS \u00e9 restabelecido, diz Minist\u00e9rio da Sa\u00fade"},"content":{"rendered":"<p>O Minist\u00e9rio da Sa\u00fade informou em nota na noite desta quinta-feira (23) que o aplicativo ConecteSUS foi\u00a0restabelecido ap\u00f3s ter ficado fora do ar desde o dia 10 deste\u00a0m\u00eas em decorr\u00eancia de\u00a0um ataque\u00a0<em>hacker<\/em>. Segundo a pasta, a emiss\u00e3o do Certificado Nacional de Vacina\u00e7\u00e3o Covid-19 ainda pode apresentar instabilidade, devido ao grande volume de acessos.<img decoding=\"async\" src=\"https:\/\/agenciabrasil.ebc.com.br\/ebc.png?id=1433706&amp;o=node\" \/><img decoding=\"async\" src=\"https:\/\/agenciabrasil.ebc.com.br\/ebc.gif?id=1433706&amp;o=node\" \/><\/p>\n<p>No dia 10 de dezembro, o\u00a0<em>site<\/em>\u00a0do Minist\u00e9rio da Sa\u00fade e a p\u00e1gina e o aplicativo do ConecteSUS, que fornece o Certificado Nacional de Vacina\u00e7\u00e3o Covid-19,\u00a0foram invadidos por\u00a0<em>hackers<\/em>. O\u00a0<em>site<\/em>\u00a0do minist\u00e9rio voltou a funcionar no mesmo dia do ataque, mas o ConecteSUS estava inacess\u00edvel desde ent\u00e3o.<\/p>\n<p>Al\u00e9m da dificultar o\u00a0acesso da popula\u00e7\u00e3o a\u00a0dados referentes \u00e0 sa\u00fade e a obten\u00e7\u00e3o do certificado de vacina\u00e7\u00e3o contra a covid-19, o ataque prejudicou a atualiza\u00e7\u00e3o do boletim di\u00e1rio com a situa\u00e7\u00e3o epidemiol\u00f3gico da doen\u00e7a\u00a0no pa\u00eds, pois v\u00e1rios estados estavam com dificuldade de atualizar seus dados referentes a casos e mortes,\u00a0pois o e-SUS Notifica tamb\u00e9m foi afetado. Outro sistema atingido foi o Programa Nacional de Imuniza\u00e7\u00e3o (SI-PNI).<\/p>\n<p>A autoria do ataque cibern\u00e9tico foi assumida por &#8220;Lapsus$ Group&#8221;. No dia do ataque, o minist\u00e9rio informou que o Gabinete de Seguran\u00e7a Institucional (GSI) e a Pol\u00edcia Federal foram acionados pela pasta para apoiar\u00a0as\u00a0investiga\u00e7\u00f5es sobre o caso.<\/p>\n","protected":false},"excerpt":{"rendered":"<p>O Minist\u00e9rio da Sa\u00fade informou em nota na noite desta quinta-feira (23) que o aplicativo ConecteSUS foi\u00a0restabelecido ap\u00f3s ter ficado fora do ar desde o&#8230;<\/p>\n","protected":false},"author":1527,"featured_media":36874,"comment_status":"closed","ping_status":"closed","sticky":false,"template":"","format":"standard","meta":{"footnotes":""},"categories":[6],"tags":[],"class_list":["post-37058","post","type-post","status-publish","format-standard","has-post-thumbnail","hentry","category-noticias"],"_links":{"self":[{"href":"https:\/\/www.sincomam.org.br\/index.php\/wp-json\/wp\/v2\/posts\/37058","targetHints":{"allow":["GET"]}}],"collection":[{"href":"https:\/\/www.sincomam.org.br\/index.php\/wp-json\/wp\/v2\/posts"}],"about":[{"href":"https:\/\/www.sincomam.org.br\/index.php\/wp-json\/wp\/v2\/types\/post"}],"author":[{"embeddable":true,"href":"https:\/\/www.sincomam.org.br\/index.php\/wp-json\/wp\/v2\/users\/1527"}],"replies":[{"embeddable":true,"href":"https:\/\/www.sincomam.org.br\/index.php\/wp-json\/wp\/v2\/comments?post=37058"}],"version-history":[{"count":1,"href":"https:\/\/www.sincomam.org.br\/index.php\/wp-json\/wp\/v2\/posts\/37058\/revisions"}],"predecessor-version":[{"id":37059,"href":"https:\/\/www.sincomam.org.br\/index.php\/wp-json\/wp\/v2\/posts\/37058\/revisions\/37059"}],"wp:featuredmedia":[{"embeddable":true,"href":"https:\/\/www.sincomam.org.br\/index.php\/wp-json\/wp\/v2\/media\/36874"}],"wp:attachment":[{"href":"https:\/\/www.sincomam.org.br\/index.php\/wp-json\/wp\/v2\/media?parent=37058"}],"wp:term":[{"taxonomy":"category","embeddable":true,"href":"https:\/\/www.sincomam.org.br\/index.php\/wp-json\/wp\/v2\/categories?post=37058"},{"taxonomy":"post_tag","embeddable":true,"href":"https:\/\/www.sincomam.org.br\/index.php\/wp-json\/wp\/v2\/tags?post=37058"}],"curies":[{"name":"wp","href":"https:\/\/api.w.org\/{rel}","templated":true}]}}