{"id":37039,"date":"2021-12-23T10:04:57","date_gmt":"2021-12-23T13:04:57","guid":{"rendered":"http:\/\/www.sincomam.org.br\/?p=37039"},"modified":"2021-12-23T10:04:57","modified_gmt":"2021-12-23T13:04:57","slug":"faturamento-da-docas-do-rio-supera-marca-de-r1-bilhao-em-2021","status":"publish","type":"post","link":"https:\/\/www.sincomam.org.br\/index.php\/faturamento-da-docas-do-rio-supera-marca-de-r1-bilhao-em-2021\/","title":{"rendered":"Faturamento da Docas do Rio supera marca de R$1 bilh\u00e3o em 2021"},"content":{"rendered":"<p>Os portos administrados pela Companhia Docas do Rio de Janeiro (CDRJ) \u2014 Rio de Janeiro, Itagua\u00ed, Niter\u00f3i e Angra dos Reis \u2014 movimentaram um total de 57,18 milh\u00f5es de toneladas de cargas este ano, superando em novembro os volumes registrados em 2019 e 2020. Com isso, a autoridade portu\u00e1ria atingiu a estimativa inicial de faturar R$ 1 bilh\u00e3o em 2021.<\/p>\n<p>O faturamento acumulado do ano, de janeiro a novembro, representa um incremento de 71,3% em rela\u00e7\u00e3o ao mesmo per\u00edodo do ano passado. \u201cEste ano foi extraordin\u00e1rio para a companhia, com muitos desafios, mas tamb\u00e9m oportunidades e conquistas. Com a t\u00e9cnica e a dedica\u00e7\u00e3o das nossas equipes administrativas e operacionais, aprimoramos as pr\u00e1ticas de governan\u00e7a, promovemos o equil\u00edbrio financeiro e melhoramos a infraestrutura dos portos, que obtiveram \u00f3timos resultados, fazendo a companhia se destacar no setor portu\u00e1rio brasileiro e ganhar a credibilidade do mercado\u201d, comemora o presidente da Docas do Rio, Francisco Antonio de Magalh\u00e3es Laranjeira.<\/p>\n<p>Somente no \u00faltimo m\u00eas de novembro, a movimenta\u00e7\u00e3o de cargas dos quatro portos foi de 3,96 milh\u00f5es de toneladas. No acumulado de 2021 \u2013 de janeiro a novembro, o volume total de 57,18 milh\u00f5es de toneladas corresponde a uma alta de 16,1% sobre o mesmo per\u00edodo de 2020. As duas principais cargas movimentadas pelos portos administrados pela Docas do Rio, min\u00e9rio de ferro e carga conteinerizada, representam juntas 85,2% do total e acumulam um aumento de 17,6% e de 12%, respectivamente, na compara\u00e7\u00e3o 2021 x 2020.<\/p>\n<p>Fonte: Portos e Navios<\/p>\n","protected":false},"excerpt":{"rendered":"<p>Os portos administrados pela Companhia Docas do Rio de Janeiro (CDRJ) \u2014 Rio de Janeiro, Itagua\u00ed, Niter\u00f3i e Angra dos Reis \u2014 movimentaram um total&#8230;<\/p>\n","protected":false},"author":1527,"featured_media":30378,"comment_status":"closed","ping_status":"closed","sticky":false,"template":"","format":"standard","meta":{"footnotes":""},"categories":[6],"tags":[],"class_list":["post-37039","post","type-post","status-publish","format-standard","has-post-thumbnail","hentry","category-noticias"],"_links":{"self":[{"href":"https:\/\/www.sincomam.org.br\/index.php\/wp-json\/wp\/v2\/posts\/37039","targetHints":{"allow":["GET"]}}],"collection":[{"href":"https:\/\/www.sincomam.org.br\/index.php\/wp-json\/wp\/v2\/posts"}],"about":[{"href":"https:\/\/www.sincomam.org.br\/index.php\/wp-json\/wp\/v2\/types\/post"}],"author":[{"embeddable":true,"href":"https:\/\/www.sincomam.org.br\/index.php\/wp-json\/wp\/v2\/users\/1527"}],"replies":[{"embeddable":true,"href":"https:\/\/www.sincomam.org.br\/index.php\/wp-json\/wp\/v2\/comments?post=37039"}],"version-history":[{"count":1,"href":"https:\/\/www.sincomam.org.br\/index.php\/wp-json\/wp\/v2\/posts\/37039\/revisions"}],"predecessor-version":[{"id":37040,"href":"https:\/\/www.sincomam.org.br\/index.php\/wp-json\/wp\/v2\/posts\/37039\/revisions\/37040"}],"wp:featuredmedia":[{"embeddable":true,"href":"https:\/\/www.sincomam.org.br\/index.php\/wp-json\/wp\/v2\/media\/30378"}],"wp:attachment":[{"href":"https:\/\/www.sincomam.org.br\/index.php\/wp-json\/wp\/v2\/media?parent=37039"}],"wp:term":[{"taxonomy":"category","embeddable":true,"href":"https:\/\/www.sincomam.org.br\/index.php\/wp-json\/wp\/v2\/categories?post=37039"},{"taxonomy":"post_tag","embeddable":true,"href":"https:\/\/www.sincomam.org.br\/index.php\/wp-json\/wp\/v2\/tags?post=37039"}],"curies":[{"name":"wp","href":"https:\/\/api.w.org\/{rel}","templated":true}]}}