{"id":3703,"date":"2014-02-18T08:17:43","date_gmt":"2014-02-18T11:17:43","guid":{"rendered":"http:\/\/www.sincomam.org.br\/?p=3703"},"modified":"2014-02-17T17:32:25","modified_gmt":"2014-02-17T20:32:25","slug":"preco-de-passagem-das-barcas-no-rio-tera-aumento","status":"publish","type":"post","link":"https:\/\/www.sincomam.org.br\/index.php\/preco-de-passagem-das-barcas-no-rio-tera-aumento\/","title":{"rendered":"Pre\u00e7o de passagem das barcas no Rio ter\u00e1 aumento"},"content":{"rendered":"<p><b><i>O pre\u00e7o vai passar de R$ 4,50 para R$ 4,80<\/i><\/b><\/p>\n<p>A ag\u00eancia reguladora de transportes do Rio (Agetransp) autorizou, nesta segunda-feira, 17, o reajuste de 5,72% das tarifas cobrados no transporte aquavi\u00e1rio (barcas) do Estado do Rio, passando de R$ 4,50 para R$ 4,80.<\/p>\n<p>O aumento equivale \u00e0 varia\u00e7\u00e3o do \u00cdndice Nacional de Pre\u00e7os ao Consumidor Amplo (IPCA), usado pelo IBGE para calcular a infla\u00e7\u00e3o oficial do Pa\u00eds, entre fevereiro de 2013 e a proje\u00e7\u00e3o para fevereiro de 2014.<\/p>\n<p>Segundo a Agetransp, ap\u00f3s a publica\u00e7\u00e3o da autoriza\u00e7\u00e3o no Di\u00e1rio Oficial do Estado do Rio, a concession\u00e1ria CCR Barcas s\u00f3 poder\u00e1 aplicar o novo valor passados 30 dias do an\u00fancio. Nesse per\u00edodo, dever\u00e1 avisar os usu\u00e1rios sobre o aumento no pre\u00e7o da passagem.<\/p>\n<p>Em 31 de janeiro, o governador S\u00e9rgio Cabral (PMDB) manteve os valores das tarifas de trens (R$ 2,90), metr\u00f4 (R$ 3,20) e da tarifa social das barcas (R$ 3,10), que concede desconto a quem usa o Bilhete \u00danico.<\/p>\n<p>Fonte: Exame online<\/p>\n","protected":false},"excerpt":{"rendered":"<p>O pre\u00e7o vai passar de R$ 4,50 para R$ 4,80 A ag\u00eancia reguladora de transportes do Rio (Agetransp) autorizou, nesta segunda-feira, 17, o reajuste de&#8230;<\/p>\n","protected":false},"author":1182,"featured_media":3450,"comment_status":"closed","ping_status":"closed","sticky":false,"template":"","format":"standard","meta":{"footnotes":""},"categories":[6],"tags":[489,488,298,59],"class_list":["post-3703","post","type-post","status-publish","format-standard","has-post-thumbnail","hentry","category-noticias","tag-barcas","tag-passagem","tag-preco","tag-rio-de-janeiro"],"_links":{"self":[{"href":"https:\/\/www.sincomam.org.br\/index.php\/wp-json\/wp\/v2\/posts\/3703","targetHints":{"allow":["GET"]}}],"collection":[{"href":"https:\/\/www.sincomam.org.br\/index.php\/wp-json\/wp\/v2\/posts"}],"about":[{"href":"https:\/\/www.sincomam.org.br\/index.php\/wp-json\/wp\/v2\/types\/post"}],"author":[{"embeddable":true,"href":"https:\/\/www.sincomam.org.br\/index.php\/wp-json\/wp\/v2\/users\/1182"}],"replies":[{"embeddable":true,"href":"https:\/\/www.sincomam.org.br\/index.php\/wp-json\/wp\/v2\/comments?post=3703"}],"version-history":[{"count":1,"href":"https:\/\/www.sincomam.org.br\/index.php\/wp-json\/wp\/v2\/posts\/3703\/revisions"}],"predecessor-version":[{"id":3704,"href":"https:\/\/www.sincomam.org.br\/index.php\/wp-json\/wp\/v2\/posts\/3703\/revisions\/3704"}],"wp:featuredmedia":[{"embeddable":true,"href":"https:\/\/www.sincomam.org.br\/index.php\/wp-json\/wp\/v2\/media\/3450"}],"wp:attachment":[{"href":"https:\/\/www.sincomam.org.br\/index.php\/wp-json\/wp\/v2\/media?parent=3703"}],"wp:term":[{"taxonomy":"category","embeddable":true,"href":"https:\/\/www.sincomam.org.br\/index.php\/wp-json\/wp\/v2\/categories?post=3703"},{"taxonomy":"post_tag","embeddable":true,"href":"https:\/\/www.sincomam.org.br\/index.php\/wp-json\/wp\/v2\/tags?post=3703"}],"curies":[{"name":"wp","href":"https:\/\/api.w.org\/{rel}","templated":true}]}}