{"id":37012,"date":"2021-12-21T10:16:20","date_gmt":"2021-12-21T13:16:20","guid":{"rendered":"http:\/\/www.sincomam.org.br\/?p=37012"},"modified":"2021-12-21T10:16:20","modified_gmt":"2021-12-21T13:16:20","slug":"stf-estende-prazo-para-uniao-se-manifestar-sobre-vacinacao-de-criancas","status":"publish","type":"post","link":"https:\/\/www.sincomam.org.br\/index.php\/stf-estende-prazo-para-uniao-se-manifestar-sobre-vacinacao-de-criancas\/","title":{"rendered":"STF estende prazo para Uni\u00e3o se manifestar sobre vacina\u00e7\u00e3o de crian\u00e7as"},"content":{"rendered":"<p>O ministro Ricardo Lewandowski, do Supremo Tribunal Federal (STF), ampliou para 5 de janeiro o prazo para que o governo se manifeste sobre a inclus\u00e3o de crian\u00e7as de 5 a 11 anos no plano de vacina\u00e7\u00e3o contra a covid-19. Inicialmente, o governo teria 48 horas para se manifestar, mas teve o prazo ampliado ap\u00f3s recurso da Advocacia-Geral da Uni\u00e3o (AGU). [https:\/\/agenciabrasil.ebc.com.br\/saude\/noticia\/2021-12\/stf-da-48-horas-para-governo-se-manifestar-sobre-vacinacao-de-criancas]<img decoding=\"async\" src=\"https:\/\/agenciabrasil.ebc.com.br\/ebc.png?id=1433175&amp;o=node\" \/><img decoding=\"async\" src=\"https:\/\/agenciabrasil.ebc.com.br\/ebc.gif?id=1433175&amp;o=node\" \/><\/p>\n<p>A a\u00e7\u00e3o foi movida pelo PT, que pediu a inclus\u00e3o das crian\u00e7as no programa de vacina\u00e7\u00e3o. Nesta semana, a Ag\u00eancia Nacional de Vigil\u00e2ncia Sanit\u00e1ria (Anvisa) aprovou o uso da vacina da Pfizer em crian\u00e7as dessa faixa et\u00e1ria. Segundo a ag\u00eancia, existem evid\u00eancias cient\u00edficas de que o imunizante, aplicado em duas doses nesse p\u00fablico, pode ser eficaz na preven\u00e7\u00e3o de casos graves da doen\u00e7a causada pelo novo coronav\u00edrus.<\/p>\n<p>A autoriza\u00e7\u00e3o da Anvisa, no entanto, n\u00e3o garante a vacina\u00e7\u00e3o. Isso deve ser viabilizado pelo governo federal, na compra das vacinas espec\u00edficas para crian\u00e7as e sua inclus\u00e3o, pelo Minist\u00e9rio da Sa\u00fade, no Programa Nacional de Imuniza\u00e7\u00e3o. A dose da vacina para crian\u00e7as ser\u00e1 diferente da aplicada para pessoas a partir de 12 anos. Os frascos tamb\u00e9m ter\u00e3o cores distintas para evitar erros na aplica\u00e7\u00e3o. O frasco da vacina para crian\u00e7as tem a cor laranja. Para adultos, o frasco \u00e9 roxo.<\/p>\n<p>Fonte: Ag\u00eancia Brasil<\/p>\n","protected":false},"excerpt":{"rendered":"<p>O ministro Ricardo Lewandowski, do Supremo Tribunal Federal (STF), ampliou para 5 de janeiro o prazo para que o governo se manifeste sobre a inclus\u00e3o&#8230;<\/p>\n","protected":false},"author":1527,"featured_media":18331,"comment_status":"closed","ping_status":"closed","sticky":false,"template":"","format":"standard","meta":{"footnotes":""},"categories":[6],"tags":[],"class_list":["post-37012","post","type-post","status-publish","format-standard","has-post-thumbnail","hentry","category-noticias"],"_links":{"self":[{"href":"https:\/\/www.sincomam.org.br\/index.php\/wp-json\/wp\/v2\/posts\/37012","targetHints":{"allow":["GET"]}}],"collection":[{"href":"https:\/\/www.sincomam.org.br\/index.php\/wp-json\/wp\/v2\/posts"}],"about":[{"href":"https:\/\/www.sincomam.org.br\/index.php\/wp-json\/wp\/v2\/types\/post"}],"author":[{"embeddable":true,"href":"https:\/\/www.sincomam.org.br\/index.php\/wp-json\/wp\/v2\/users\/1527"}],"replies":[{"embeddable":true,"href":"https:\/\/www.sincomam.org.br\/index.php\/wp-json\/wp\/v2\/comments?post=37012"}],"version-history":[{"count":1,"href":"https:\/\/www.sincomam.org.br\/index.php\/wp-json\/wp\/v2\/posts\/37012\/revisions"}],"predecessor-version":[{"id":37013,"href":"https:\/\/www.sincomam.org.br\/index.php\/wp-json\/wp\/v2\/posts\/37012\/revisions\/37013"}],"wp:featuredmedia":[{"embeddable":true,"href":"https:\/\/www.sincomam.org.br\/index.php\/wp-json\/wp\/v2\/media\/18331"}],"wp:attachment":[{"href":"https:\/\/www.sincomam.org.br\/index.php\/wp-json\/wp\/v2\/media?parent=37012"}],"wp:term":[{"taxonomy":"category","embeddable":true,"href":"https:\/\/www.sincomam.org.br\/index.php\/wp-json\/wp\/v2\/categories?post=37012"},{"taxonomy":"post_tag","embeddable":true,"href":"https:\/\/www.sincomam.org.br\/index.php\/wp-json\/wp\/v2\/tags?post=37012"}],"curies":[{"name":"wp","href":"https:\/\/api.w.org\/{rel}","templated":true}]}}