{"id":3700,"date":"2014-02-18T08:14:51","date_gmt":"2014-02-18T11:14:51","guid":{"rendered":"http:\/\/www.sincomam.org.br\/?p=3700"},"modified":"2014-02-17T17:22:44","modified_gmt":"2014-02-17T20:22:44","slug":"ministerio-mantem-forca-nacional-em-belo-monte","status":"publish","type":"post","link":"https:\/\/www.sincomam.org.br\/index.php\/ministerio-mantem-forca-nacional-em-belo-monte\/","title":{"rendered":"Minist\u00e9rio mant\u00e9m For\u00e7a Nacional em Belo Monte"},"content":{"rendered":"<p><b><i>Presente em Belo Monte desde julho do ano passado, a For\u00e7a Nacional ficar\u00e1 por pelo menos mais 180 dias na regi\u00e3o<\/i><\/b><\/p>\n<p>A pedido do ministro de Minas e Energia, Edison Lob\u00e3o, os homens da For\u00e7a Nacional de Seguran\u00e7a permanecer\u00e3o atuando na regi\u00e3o das obras de constru\u00e7\u00e3o da Usina Hidrel\u00e9trica de Belo Monte, no Rio Xingu, no Par\u00e1.<\/p>\n<p>Segundo portaria do Minist\u00e9rio da Justi\u00e7a publicada hoje (14) no Di\u00e1rio Oficial da Uni\u00e3o, a medida visa a garantir a \u201cincolumidade das pessoas, do patrim\u00f4nio e a manuten\u00e7\u00e3o da ordem p\u00fablica dos locais em que se desenvolvem as obras, demarca\u00e7\u00f5es, servi\u00e7os e demais atividades\u201d relacionadas \u00e0 constru\u00e7\u00e3o da hidrel\u00e9trica.<\/p>\n<p>Presente em Belo Monte desde julho do ano passado, a For\u00e7a Nacional ficar\u00e1 por pelo menos mais 180 dias na regi\u00e3o, marcada por greves e ocupa\u00e7\u00f5es de trabalhadores e \u00edndios reivindicando direitos.<\/p>\n<p>Fonte: Exame online<\/p>\n","protected":false},"excerpt":{"rendered":"<p>Presente em Belo Monte desde julho do ano passado, a For\u00e7a Nacional ficar\u00e1 por pelo menos mais 180 dias na regi\u00e3o A pedido do ministro&#8230;<\/p>\n","protected":false},"author":1182,"featured_media":3701,"comment_status":"closed","ping_status":"closed","sticky":false,"template":"","format":"standard","meta":{"footnotes":""},"categories":[6,1],"tags":[485,131,487,486],"class_list":["post-3700","post","type-post","status-publish","format-standard","has-post-thumbnail","hentry","category-noticias","category-sem-categoria","tag-belo-monte","tag-construcao","tag-mutirao","tag-usina"],"_links":{"self":[{"href":"https:\/\/www.sincomam.org.br\/index.php\/wp-json\/wp\/v2\/posts\/3700","targetHints":{"allow":["GET"]}}],"collection":[{"href":"https:\/\/www.sincomam.org.br\/index.php\/wp-json\/wp\/v2\/posts"}],"about":[{"href":"https:\/\/www.sincomam.org.br\/index.php\/wp-json\/wp\/v2\/types\/post"}],"author":[{"embeddable":true,"href":"https:\/\/www.sincomam.org.br\/index.php\/wp-json\/wp\/v2\/users\/1182"}],"replies":[{"embeddable":true,"href":"https:\/\/www.sincomam.org.br\/index.php\/wp-json\/wp\/v2\/comments?post=3700"}],"version-history":[{"count":1,"href":"https:\/\/www.sincomam.org.br\/index.php\/wp-json\/wp\/v2\/posts\/3700\/revisions"}],"predecessor-version":[{"id":3702,"href":"https:\/\/www.sincomam.org.br\/index.php\/wp-json\/wp\/v2\/posts\/3700\/revisions\/3702"}],"wp:featuredmedia":[{"embeddable":true,"href":"https:\/\/www.sincomam.org.br\/index.php\/wp-json\/wp\/v2\/media\/3701"}],"wp:attachment":[{"href":"https:\/\/www.sincomam.org.br\/index.php\/wp-json\/wp\/v2\/media?parent=3700"}],"wp:term":[{"taxonomy":"category","embeddable":true,"href":"https:\/\/www.sincomam.org.br\/index.php\/wp-json\/wp\/v2\/categories?post=3700"},{"taxonomy":"post_tag","embeddable":true,"href":"https:\/\/www.sincomam.org.br\/index.php\/wp-json\/wp\/v2\/tags?post=3700"}],"curies":[{"name":"wp","href":"https:\/\/api.w.org\/{rel}","templated":true}]}}