{"id":36996,"date":"2021-12-20T10:02:05","date_gmt":"2021-12-20T13:02:05","guid":{"rendered":"http:\/\/www.sincomam.org.br\/?p=36996"},"modified":"2021-12-20T10:02:05","modified_gmt":"2021-12-20T13:02:05","slug":"porto-de-sao-francisco-uniao-autoriza-inicio-do-processo-de-arrendamento-do-terminal-graneleiro","status":"publish","type":"post","link":"https:\/\/www.sincomam.org.br\/index.php\/porto-de-sao-francisco-uniao-autoriza-inicio-do-processo-de-arrendamento-do-terminal-graneleiro\/","title":{"rendered":"Porto de S\u00e3o Francisco &#8211; Uni\u00e3o autoriza in\u00edcio do processo de arrendamento do terminal graneleiro"},"content":{"rendered":"<p>O Porto de S\u00e3o Francisco do Sul poder\u00e1 come\u00e7ar os estudos para o arrendamento \u00e0 iniciativa privada do terminal graneleiro (TG), situado dentro das depend\u00eancias do complexo portu\u00e1rio. A qualifica\u00e7\u00e3o foi aprovada na quinta-feira (16) pelo Conselho do Programa de Parcerias de Investimentos (PPI) do governo federal.<\/p>\n<p>Com a decis\u00e3o da Uni\u00e3o, o porto est\u00e1 autorizado a lan\u00e7ar o edital para contrata\u00e7\u00e3o de empresa que realizar\u00e1 o Estudo de Viabilidade T\u00e9cnica, Econ\u00f4mica e Ambiental (Evtea), o que deve ocorrer nesta semana.<\/p>\n<p>De acordo com o cronograma proposto pela autoridade portu\u00e1ria, o processo licitat\u00f3rio ser\u00e1 conclu\u00eddo no final do pr\u00f3ximo ano, sendo a assinatura do arrendamento prevista para abril de 2023.<\/p>\n<p>Antes do edital, no entanto, haver\u00e1 diversas audi\u00eancias p\u00fablicas e o Tribunal de Contas da Uni\u00e3o deve emitir um parecer autorizando a licita\u00e7\u00e3o.<\/p>\n<p>\u201cOs investimentos da iniciativa privada na moderniza\u00e7\u00e3o do TG viabilizar\u00e3o o aumento na capacidade de armazenagem de gr\u00e3os, oferecendo maior agilidade e rapidez na movimenta\u00e7\u00e3o de cargas\u201d, afirma o presidente do porto, Cleverton Vieira.<\/p>\n<p>O terminal graneleiro ocupa uma \u00e1rea equivalente a quatro campos de futebol dentro do complexo portu\u00e1rio e \u00e9 formado principalmente por dois grandes armaz\u00e9ns, a partir dos quais os gr\u00e3os s\u00e3o transportados at\u00e9 os navios, por meio de uma esteira.<\/p>\n<p>O TG era administrado pela Companhia Integrada de Desenvolvimento Agr\u00edcola de Santa Catarina (Cidasc) at\u00e9 2019, quando a administra\u00e7\u00e3o passou a ser da autoridade portu\u00e1ria.<\/p>\n<p>&nbsp;<\/p>\n<p>Fonte: Informativo dos Portos<\/p>\n","protected":false},"excerpt":{"rendered":"<p>O Porto de S\u00e3o Francisco do Sul poder\u00e1 come\u00e7ar os estudos para o arrendamento \u00e0 iniciativa privada do terminal graneleiro (TG), situado dentro das depend\u00eancias&#8230;<\/p>\n","protected":false},"author":1527,"featured_media":36997,"comment_status":"closed","ping_status":"closed","sticky":false,"template":"","format":"standard","meta":{"footnotes":""},"categories":[6],"tags":[],"class_list":["post-36996","post","type-post","status-publish","format-standard","has-post-thumbnail","hentry","category-noticias"],"_links":{"self":[{"href":"https:\/\/www.sincomam.org.br\/index.php\/wp-json\/wp\/v2\/posts\/36996","targetHints":{"allow":["GET"]}}],"collection":[{"href":"https:\/\/www.sincomam.org.br\/index.php\/wp-json\/wp\/v2\/posts"}],"about":[{"href":"https:\/\/www.sincomam.org.br\/index.php\/wp-json\/wp\/v2\/types\/post"}],"author":[{"embeddable":true,"href":"https:\/\/www.sincomam.org.br\/index.php\/wp-json\/wp\/v2\/users\/1527"}],"replies":[{"embeddable":true,"href":"https:\/\/www.sincomam.org.br\/index.php\/wp-json\/wp\/v2\/comments?post=36996"}],"version-history":[{"count":1,"href":"https:\/\/www.sincomam.org.br\/index.php\/wp-json\/wp\/v2\/posts\/36996\/revisions"}],"predecessor-version":[{"id":36998,"href":"https:\/\/www.sincomam.org.br\/index.php\/wp-json\/wp\/v2\/posts\/36996\/revisions\/36998"}],"wp:featuredmedia":[{"embeddable":true,"href":"https:\/\/www.sincomam.org.br\/index.php\/wp-json\/wp\/v2\/media\/36997"}],"wp:attachment":[{"href":"https:\/\/www.sincomam.org.br\/index.php\/wp-json\/wp\/v2\/media?parent=36996"}],"wp:term":[{"taxonomy":"category","embeddable":true,"href":"https:\/\/www.sincomam.org.br\/index.php\/wp-json\/wp\/v2\/categories?post=36996"},{"taxonomy":"post_tag","embeddable":true,"href":"https:\/\/www.sincomam.org.br\/index.php\/wp-json\/wp\/v2\/tags?post=36996"}],"curies":[{"name":"wp","href":"https:\/\/api.w.org\/{rel}","templated":true}]}}