{"id":36994,"date":"2021-12-20T09:58:25","date_gmt":"2021-12-20T12:58:25","guid":{"rendered":"http:\/\/www.sincomam.org.br\/?p=36994"},"modified":"2021-12-20T09:58:25","modified_gmt":"2021-12-20T12:58:25","slug":"intervalo-da-3a-dose-da-vacina-contra-covid-19-sera-de-quatro-meses","status":"publish","type":"post","link":"https:\/\/www.sincomam.org.br\/index.php\/intervalo-da-3a-dose-da-vacina-contra-covid-19-sera-de-quatro-meses\/","title":{"rendered":"Intervalo da 3\u00aa dose da vacina contra covid-19 ser\u00e1 de quatro meses"},"content":{"rendered":"<p>O Minist\u00e9rio da Sa\u00fade vai reduzir o intervalo de aplica\u00e7\u00e3o da terceira dose da vacina contra covid-19 de cinco para quatro meses. A informa\u00e7\u00e3o foi divulgada pelo ministro da Sa\u00fade, Marcelo Queiroga, no Twitter.<img decoding=\"async\" src=\"https:\/\/agenciabrasil.ebc.com.br\/ebc.png?id=1432895&amp;o=node\" \/><img decoding=\"async\" src=\"https:\/\/agenciabrasil.ebc.com.br\/ebc.gif?id=1432895&amp;o=node\" \/><\/p>\n<p>Segundo o ministro, a portaria com essa altera\u00e7\u00e3o ser\u00e1 publicada na pr\u00f3xima segunda-feira (20).<\/p>\n<p>\u201cPara ampliar a prote\u00e7\u00e3o contra a variante \u00d4micron vamos reduzir o intervalo de aplica\u00e7\u00e3o da 3\u00aa dose de cinco para quatro meses. A dose de refor\u00e7o \u00e9 fundamental para frear o avan\u00e7o de novas variantes e reduzir hospitaliza\u00e7\u00f5es e \u00f3bitos, em especial em grupos de risco\u201d, escreveu, na rede social.<\/p>\n<p>\u201cInformem-se sobre o calend\u00e1rio vacinal de seu munic\u00edpio e veja se j\u00e1 chegou a sua vez\u201d, acrescentou.<\/p>\n<h2>Pfizer<\/h2>\n<p>Segundo o Minist\u00e9rio da Sa\u00fade, a vacina da Pfizer ser\u00e1 utilizada como dose de refor\u00e7o em pessoas vacinadas com os imunizantes Coronavac, AstraZeneca e Pfizer. &#8220;A op\u00e7\u00e3o por essa vacina levou em considera\u00e7\u00e3o o aumento da resposta imunol\u00f3gica no esquema heter\u00f3logo. De maneira alternativa, os imunobiol\u00f3gicos da Janssen e AstraZeneca tamb\u00e9m poder\u00e3o ser utilizados na dose de refor\u00e7o&#8221;, diz nota do minist\u00e9rio.<\/p>\n<h2>Janssen<\/h2>\n<p>Inicialmente com aplica\u00e7\u00e3o \u00fanica, a vacina da Janssen tamb\u00e9m dever\u00e1 ser refor\u00e7ada. De acordo com o minist\u00e9rio, quem a recebeu a vacina h\u00e1 dois ou seis meses pode comparecer a um posto de sa\u00fade para a segunda dose. Nesse caso, o imunizante utilizado dever\u00e1 ser do mesmo fabricante.<\/p>\n<p>&nbsp;<\/p>\n<p>Fonte: Ag\u00eancia Brasil<\/p>\n","protected":false},"excerpt":{"rendered":"<p>O Minist\u00e9rio da Sa\u00fade vai reduzir o intervalo de aplica\u00e7\u00e3o da terceira dose da vacina contra covid-19 de cinco para quatro meses. A informa\u00e7\u00e3o foi&#8230;<\/p>\n","protected":false},"author":1527,"featured_media":31488,"comment_status":"closed","ping_status":"closed","sticky":false,"template":"","format":"standard","meta":{"footnotes":""},"categories":[6],"tags":[],"class_list":["post-36994","post","type-post","status-publish","format-standard","has-post-thumbnail","hentry","category-noticias"],"_links":{"self":[{"href":"https:\/\/www.sincomam.org.br\/index.php\/wp-json\/wp\/v2\/posts\/36994","targetHints":{"allow":["GET"]}}],"collection":[{"href":"https:\/\/www.sincomam.org.br\/index.php\/wp-json\/wp\/v2\/posts"}],"about":[{"href":"https:\/\/www.sincomam.org.br\/index.php\/wp-json\/wp\/v2\/types\/post"}],"author":[{"embeddable":true,"href":"https:\/\/www.sincomam.org.br\/index.php\/wp-json\/wp\/v2\/users\/1527"}],"replies":[{"embeddable":true,"href":"https:\/\/www.sincomam.org.br\/index.php\/wp-json\/wp\/v2\/comments?post=36994"}],"version-history":[{"count":1,"href":"https:\/\/www.sincomam.org.br\/index.php\/wp-json\/wp\/v2\/posts\/36994\/revisions"}],"predecessor-version":[{"id":36995,"href":"https:\/\/www.sincomam.org.br\/index.php\/wp-json\/wp\/v2\/posts\/36994\/revisions\/36995"}],"wp:featuredmedia":[{"embeddable":true,"href":"https:\/\/www.sincomam.org.br\/index.php\/wp-json\/wp\/v2\/media\/31488"}],"wp:attachment":[{"href":"https:\/\/www.sincomam.org.br\/index.php\/wp-json\/wp\/v2\/media?parent=36994"}],"wp:term":[{"taxonomy":"category","embeddable":true,"href":"https:\/\/www.sincomam.org.br\/index.php\/wp-json\/wp\/v2\/categories?post=36994"},{"taxonomy":"post_tag","embeddable":true,"href":"https:\/\/www.sincomam.org.br\/index.php\/wp-json\/wp\/v2\/tags?post=36994"}],"curies":[{"name":"wp","href":"https:\/\/api.w.org\/{rel}","templated":true}]}}