{"id":36991,"date":"2021-12-20T09:54:51","date_gmt":"2021-12-20T12:54:51","guid":{"rendered":"http:\/\/www.sincomam.org.br\/?p=36991"},"modified":"2021-12-20T09:54:51","modified_gmt":"2021-12-20T12:54:51","slug":"aviso-auxiliar-breves-intensifica-acoes-de-inspecao-naval-no-para","status":"publish","type":"post","link":"https:\/\/www.sincomam.org.br\/index.php\/aviso-auxiliar-breves-intensifica-acoes-de-inspecao-naval-no-para\/","title":{"rendered":"Aviso-Auxiliar \u201cBreves\u201d intensifica a\u00e7\u00f5es de inspe\u00e7\u00e3o naval no Par\u00e1"},"content":{"rendered":"<div class=\"rtejustify\"><span style=\"color: #000000;\"><span style=\"font-family: Verdana, sans-serif;\">O Aviso-Auxiliar (AvA) \u201cBreves\u201d, subordinado ao Comando do Grupamento de Patrulha Naval do Norte, realizou, de 8 a 17 de dezembro, a\u00e7\u00f5es de inspe\u00e7\u00e3o naval em comunidades ribeirinhas dos munic\u00edpios de Abaetetuba, Barcarena e Furo do Naz\u00e1rio, no Par\u00e1.<\/span><\/span><\/div>\n<div class=\"rtejustify\"><\/div>\n<div class=\"rtejustify\"><span style=\"color: #000000;\"><span style=\"font-family: Verdana, sans-serif;\">Com o prop\u00f3sito de contribuir para a seguran\u00e7a da navega\u00e7\u00e3o e salvaguarda da vida humana nos rios, o AvA \u201cBreves\u201d, apoiado por uma Lancha de A\u00e7\u00e3o R\u00e1pida, inspecionou 64 embarca\u00e7\u00f5es, sendo 26 notificadas e 17 apreendidas.<\/span><\/span><\/div>\n<div class=\"rtejustify\"><\/div>\n<div class=\"rtejustify\"><span style=\"color: #000000;\"><span style=\"font-family: Verdana, sans-serif;\">Por ocasi\u00e3o das inspe\u00e7\u00f5es, os aquavi\u00e1rios receberam orienta\u00e7\u00f5es das equipes de inspe\u00e7\u00e3o naval quanto \u00e0s medidas previstas no Regulamento da Lei de Seguran\u00e7a do Tr\u00e1fego Aquavi\u00e1rio e as embarca\u00e7\u00f5es que colocavam em risco a seguran\u00e7a do tr\u00e1fego aquavi\u00e1rio ou dos passageiros foram retiradas de circula\u00e7\u00e3o a fim de se evitar acidentes.<\/span><\/span><\/div>\n<div><\/div>\n<div>Em proveito das a\u00e7\u00f5es, os militares do AvA \u201cBreves\u201d tamb\u00e9m contribu\u00edram para a campanha de preven\u00e7\u00e3o ao escalpelamento, realizando a entrega de 40 toucas para moradoras da regi\u00e3o, e divulgaram informa\u00e7\u00f5es em apoio \u00e0 preven\u00e7\u00e3o e combate ao Covid-19, com a distribui\u00e7\u00e3o de panfletos contendo as profilaxias e sintomas causados pelo coronav\u00edrus.<\/div>\n<div>\n<div class=\"field field-name-field-fonte-noticia field-type-field-collection field-label-hidden\">\n<div class=\"field-items\">\n<div class=\"field-item even\">\n<div>\n<div class=\"content\">\n<div class=\"field field-name-field-valor-fonte-noticias field-type-text field-label-hidden\">\n<div class=\"field-items\">\n<div><\/div>\n<div class=\"field-item even\">Fonte: Centro de Comunica\u00e7\u00e3o Social da Marinha<\/div>\n<\/div>\n<\/div>\n<\/div>\n<\/div>\n<\/div>\n<\/div>\n<\/div>\n<footer>&nbsp;<\/p>\n<\/footer>\n<\/div>\n","protected":false},"excerpt":{"rendered":"<p>O Aviso-Auxiliar (AvA) \u201cBreves\u201d, subordinado ao Comando do Grupamento de Patrulha Naval do Norte, realizou, de 8 a 17 de dezembro, a\u00e7\u00f5es de inspe\u00e7\u00e3o naval&#8230;<\/p>\n","protected":false},"author":1527,"featured_media":36992,"comment_status":"closed","ping_status":"closed","sticky":false,"template":"","format":"standard","meta":{"footnotes":""},"categories":[6],"tags":[],"class_list":["post-36991","post","type-post","status-publish","format-standard","has-post-thumbnail","hentry","category-noticias"],"_links":{"self":[{"href":"https:\/\/www.sincomam.org.br\/index.php\/wp-json\/wp\/v2\/posts\/36991","targetHints":{"allow":["GET"]}}],"collection":[{"href":"https:\/\/www.sincomam.org.br\/index.php\/wp-json\/wp\/v2\/posts"}],"about":[{"href":"https:\/\/www.sincomam.org.br\/index.php\/wp-json\/wp\/v2\/types\/post"}],"author":[{"embeddable":true,"href":"https:\/\/www.sincomam.org.br\/index.php\/wp-json\/wp\/v2\/users\/1527"}],"replies":[{"embeddable":true,"href":"https:\/\/www.sincomam.org.br\/index.php\/wp-json\/wp\/v2\/comments?post=36991"}],"version-history":[{"count":1,"href":"https:\/\/www.sincomam.org.br\/index.php\/wp-json\/wp\/v2\/posts\/36991\/revisions"}],"predecessor-version":[{"id":36993,"href":"https:\/\/www.sincomam.org.br\/index.php\/wp-json\/wp\/v2\/posts\/36991\/revisions\/36993"}],"wp:featuredmedia":[{"embeddable":true,"href":"https:\/\/www.sincomam.org.br\/index.php\/wp-json\/wp\/v2\/media\/36992"}],"wp:attachment":[{"href":"https:\/\/www.sincomam.org.br\/index.php\/wp-json\/wp\/v2\/media?parent=36991"}],"wp:term":[{"taxonomy":"category","embeddable":true,"href":"https:\/\/www.sincomam.org.br\/index.php\/wp-json\/wp\/v2\/categories?post=36991"},{"taxonomy":"post_tag","embeddable":true,"href":"https:\/\/www.sincomam.org.br\/index.php\/wp-json\/wp\/v2\/tags?post=36991"}],"curies":[{"name":"wp","href":"https:\/\/api.w.org\/{rel}","templated":true}]}}