{"id":36980,"date":"2021-12-20T09:41:45","date_gmt":"2021-12-20T12:41:45","guid":{"rendered":"http:\/\/www.sincomam.org.br\/?p=36980"},"modified":"2021-12-20T09:41:45","modified_gmt":"2021-12-20T12:41:45","slug":"brasil-reforca-posicao-por-avancos-do-mercosul-em-reducao-de-tarifas-e-acordos","status":"publish","type":"post","link":"https:\/\/www.sincomam.org.br\/index.php\/brasil-reforca-posicao-por-avancos-do-mercosul-em-reducao-de-tarifas-e-acordos\/","title":{"rendered":"BRASIL REFOR\u00c7A POSI\u00c7\u00c3O POR AVAN\u00c7OS DO MERCOSUL EM REDU\u00c7\u00c3O DE TARIFAS E ACORDOS"},"content":{"rendered":"<p>O governo brasileiro refor\u00e7ou, nesta quinta-feira (16\/12), seu interesse pela moderniza\u00e7\u00e3o do Mercosul, durante a 10\u00aa Reuni\u00e3o de Ministros de Ind\u00fastria, Com\u00e9rcio e Servi\u00e7os do Bloco. O pa\u00eds destacou que quer a redu\u00e7\u00e3o de 10% para toda a pauta de com\u00e9rcio, al\u00e9m de avan\u00e7os nas negocia\u00e7\u00f5es comerciais. \u201cAp\u00f3s mais de 25 anos sem uma revis\u00e3o ampla da estrutura tarif\u00e1ria do Mercosul e ap\u00f3s quase tr\u00eas anos de trabalhos t\u00e9cnicos, \u00e9 importante demonstrar, por meio da gera\u00e7\u00e3o de resultados concretos a curto prazo, o compromisso efetivo do Mercosul com a moderniza\u00e7\u00e3o da sua pol\u00edtica comercial\u201d, disse o secret\u00e1rio especial de Com\u00e9rcio Exterior e Assuntos Internacionais do Minist\u00e9rio da Economia, Roberto Fendt \u2013 que presidiu o encontro virtual.<\/p>\n<p>A reuni\u00e3o contou com a presen\u00e7a dos ministros de Desenvolvimento Produtivo da Argentina, Mat\u00edas Sebasti\u00e1n Kulfas; de Ind\u00fastria e Com\u00e9rcio do Paraguai, Luis Alberto Castiglioni; e do subsecret\u00e1rio de Ind\u00fastria, Energia e Minera\u00e7\u00e3o do Uruguai, Walter Verri.<\/p>\n<p>Roberto Fendt lamentou que n\u00e3o tenha sido aprovada \u2013 em reuni\u00e3o do Conselho do Mercado Comum (CMC), algumas horas antes \u2013 uma redu\u00e7\u00e3o de 10% nas tarifas da maior parte do universo tarif\u00e1rio. \u201cEspera-se que os s\u00f3cios compreendam os objetivos do Brasil e nos permitam avan\u00e7ar, caso n\u00e3o queiram realizar o mesmo movimento\u201d, frisou.<\/p>\n<p>Ele salientou, ainda, que essa redu\u00e7\u00e3o de 10% n\u00e3o esgota a necessidade de uma moderniza\u00e7\u00e3o mais profunda da Tarifa Externa Comum (TEC) e adiantou que o Brasil continuar\u00e1 engajado nas discuss\u00f5es sobre o tema com os s\u00f3cios.<\/p>\n<p><b>Acordos e negocia\u00e7\u00f5es<\/b><\/p>\n<p>Outro destaque da pauta foi a necessidade de resolver os pontos pendentes do lado do Mercosul para viabilizar a assinatura, o mais breve poss\u00edvel, dos acordos com Uni\u00e3o Europeia e Associa\u00e7\u00e3o Europeia de Livre Com\u00e9rcio (EFTA), al\u00e9m de avan\u00e7ar nas negocia\u00e7\u00f5es em andamento com Coreia do Sul, Canad\u00e1 e Singapura.<\/p>\n<p>\u201cO Brasil tamb\u00e9m celebra o in\u00edcio das negocia\u00e7\u00f5es com a Indon\u00e9sia e tem interesse no lan\u00e7amento de negocia\u00e7\u00f5es com Vietn\u00e3 e na expans\u00e3o do acordo com a \u00cdndia\u201d, acrescentou Fendt. No \u00e2mbito regional, o secret\u00e1rio especial ressaltou a import\u00e2ncia de se assinar Memorando de Entendimento com a Rep\u00fablica Dominicana para dar in\u00edcio \u00e0s conversas sobre um futuro acordo comercial.<\/p>\n<p><b>Oportunidades<\/b><\/p>\n<p>Roberto Fendt comentou que os desafios impostos pela pandemia \u201cs\u00e3o formid\u00e1veis\u201d, mas disse estar convencido de que tamb\u00e9m existem \u201cenormes oportunidades\u201d para os membros do Mercosul. \u201cAcredito que trabalharmos juntos \u00e9 a melhor maneira, se n\u00e3o for a \u00fanica, de nos inserirmos de maneira efetiva e competitiva na economia global, resgatando a voca\u00e7\u00e3o original do Mercosul para a abertura e a integra\u00e7\u00e3o com o mundo\u201d, incentivou, dirigindo-se \u00e0s autoridades da Argentina, Paraguai e Uruguai.<\/p>\n<p>Esta foi a \u00faltima reuni\u00e3o do grupo sob a presid\u00eancia pro-tempore do Brasil no Bloco. A partir de janeiro, o comando ficar\u00e1 com o Paraguai, e a expectativa \u00e9 que o processo de moderniza\u00e7\u00e3o prossiga. \u201cO Paraguai vai priorizar o processo de redu\u00e7\u00e3o tarif\u00e1ria durante o per\u00edodo em que estiver na presid\u00eancia pro-tempore do Mercosul\u201d, assegurou o ministro paraguaio Luis Alberto Castiglioni.<\/p>\n<p><b>Saiba mais<\/b><\/p>\n<p>A Reuni\u00e3o de Ministros de Ind\u00fastria, Com\u00e9rcio e Servi\u00e7os do Mercosul foi criada por iniciativa brasileira, em 2016, a fim de obter avan\u00e7os mais r\u00e1pidos nos temas comerciais. Tradicionalmente, a agenda das reuni\u00f5es reflete, em grande medida, os temas mais importantes da agenda do Conselho do Mercado Comum (CMC).<\/p>\n<p>Fonte: Informativo dos Portos<\/p>\n","protected":false},"excerpt":{"rendered":"<p>O governo brasileiro refor\u00e7ou, nesta quinta-feira (16\/12), seu interesse pela moderniza\u00e7\u00e3o do Mercosul, durante a 10\u00aa Reuni\u00e3o de Ministros de Ind\u00fastria, Com\u00e9rcio e Servi\u00e7os do&#8230;<\/p>\n","protected":false},"author":1527,"featured_media":36981,"comment_status":"closed","ping_status":"closed","sticky":false,"template":"","format":"standard","meta":{"footnotes":""},"categories":[6],"tags":[],"class_list":["post-36980","post","type-post","status-publish","format-standard","has-post-thumbnail","hentry","category-noticias"],"_links":{"self":[{"href":"https:\/\/www.sincomam.org.br\/index.php\/wp-json\/wp\/v2\/posts\/36980","targetHints":{"allow":["GET"]}}],"collection":[{"href":"https:\/\/www.sincomam.org.br\/index.php\/wp-json\/wp\/v2\/posts"}],"about":[{"href":"https:\/\/www.sincomam.org.br\/index.php\/wp-json\/wp\/v2\/types\/post"}],"author":[{"embeddable":true,"href":"https:\/\/www.sincomam.org.br\/index.php\/wp-json\/wp\/v2\/users\/1527"}],"replies":[{"embeddable":true,"href":"https:\/\/www.sincomam.org.br\/index.php\/wp-json\/wp\/v2\/comments?post=36980"}],"version-history":[{"count":1,"href":"https:\/\/www.sincomam.org.br\/index.php\/wp-json\/wp\/v2\/posts\/36980\/revisions"}],"predecessor-version":[{"id":36982,"href":"https:\/\/www.sincomam.org.br\/index.php\/wp-json\/wp\/v2\/posts\/36980\/revisions\/36982"}],"wp:featuredmedia":[{"embeddable":true,"href":"https:\/\/www.sincomam.org.br\/index.php\/wp-json\/wp\/v2\/media\/36981"}],"wp:attachment":[{"href":"https:\/\/www.sincomam.org.br\/index.php\/wp-json\/wp\/v2\/media?parent=36980"}],"wp:term":[{"taxonomy":"category","embeddable":true,"href":"https:\/\/www.sincomam.org.br\/index.php\/wp-json\/wp\/v2\/categories?post=36980"},{"taxonomy":"post_tag","embeddable":true,"href":"https:\/\/www.sincomam.org.br\/index.php\/wp-json\/wp\/v2\/tags?post=36980"}],"curies":[{"name":"wp","href":"https:\/\/api.w.org\/{rel}","templated":true}]}}