{"id":3698,"date":"2014-02-18T08:12:10","date_gmt":"2014-02-18T11:12:10","guid":{"rendered":"http:\/\/www.sincomam.org.br\/?p=3698"},"modified":"2014-02-17T17:33:39","modified_gmt":"2014-02-17T20:33:39","slug":"justica-condena-petrobras-por-barrar-tecnologos-em-concurso","status":"publish","type":"post","link":"https:\/\/www.sincomam.org.br\/index.php\/justica-condena-petrobras-por-barrar-tecnologos-em-concurso\/","title":{"rendered":"Justi\u00e7a condena Petrobras por barrar tecn\u00f3logos em concurso"},"content":{"rendered":"<p>Enquanto o Minist\u00e9rio da Educa\u00e7\u00e3o vem estimulando a forma\u00e7\u00e3o de tecn\u00f3logos, a Petrobras &#8211; principal estatal do pa\u00eds &#8211; foi condenada a pagar R$ 5 milh\u00f5es por barrar esses profissionais em concurso p\u00fablico.<\/p>\n<p>Em dezembro passado, a Justi\u00e7a do Trabalho definiu a quantia como indeniza\u00e7\u00e3o pelo dano moral coletivo provocado pela restri\u00e7\u00e3o, prevista em concurso da Liquig\u00e1s, subsidi\u00e1ria da estatal.<\/p>\n<p>No trecho do edital em que s\u00e3o definidos os requisitos b\u00e1sicos para a disputa, a empresa informa que &#8220;n\u00e3o ser\u00e3o aceitos cursos de tecn\u00f3logo ou licenciatura&#8221; &#8211; a exce\u00e7\u00e3o \u00e9 para o cargo de profissional de tecnologia da informa\u00e7\u00e3o. Entre os cargos de n\u00edvel superior, foram ofertadas sete vagas para engenheiros.<\/p>\n<p>A a\u00e7\u00e3o foi iniciada pelo sindicato dos tecn\u00f3logos da Bahia e pro\u00edbe ainda que novos concursos da Petrobras adotem restri\u00e7\u00e3o semelhante. O valor da penalidade, segundo a Justi\u00e7a, deve ser depositado no Fundo de Amparo ao Trabalhador.<\/p>\n<p>Na decis\u00e3o, a ju\u00edza Hineuma Hage afirma que o texto do edital do concurso \u00e9 ilegal. &#8220;\u00c9 um contrassenso absurdo o governo federal utilizar recursos p\u00fablicos em programas de crescimento, incentivando a forma\u00e7\u00e3o em cursos de Tecnologia e Licenciatura, e, atrav\u00e9s da sua administra\u00e7\u00e3o indireta (&#8230;) discriminar o acesso destes profissionais&#8221;, diz a ju\u00edza na decis\u00e3o.<\/p>\n<p><b>Cursos<\/b><\/p>\n<p>Na \u00faltima d\u00e9cada, o n\u00famero de matr\u00edculas em cursos tecnol\u00f3gicos cresceu mais de oito vezes, em ritmo muito maior ao aumento, no mesmo per\u00edodo, de matr\u00edculas no ensino superior.<\/p>\n<p>Esses cursos, com dura\u00e7\u00e3o em m\u00e9dia de dois anos, t\u00eam um vi\u00e9s mais pr\u00e1tico e visam suprir em curto tempo as necessidades do mercado de trabalho. Mas, assim como o bacharelado e a licenciatura, s\u00e3o uma gradua\u00e7\u00e3o.<\/p>\n<p>No fim de 2008, a san\u00e7\u00e3o de lei que criou 38 institutos federais, que oferecem esses cursos, foi um dos fatores que impulsionaram esse tipo de gradua\u00e7\u00e3o.<\/p>\n<p>Procurada, a Petrobras informou, por meio de assessoria de imprensa, que j\u00e1 recorreu da decis\u00e3o. Questionada sobre as diferen\u00e7as que identifica entre a forma\u00e7\u00e3o de tecn\u00f3logo e demais graduados, a empresa n\u00e3o se manifestou.<\/p>\n<p>O presidente da Associa\u00e7\u00e3o Nacional dos Tecn\u00f3logos (ANT), Jorge Guaracy afirma que tamb\u00e9m h\u00e1 resist\u00eancia no setor privado, principalmente em cursos tecnol\u00f3gicos de \u00e1reas pr\u00f3ximas \u00e0 engenharia.<\/p>\n<p>Os profissionais criticam o fato de o Conselho Federal de Engenharia e Agronomia (Confea) n\u00e3o reconhecer como atividades dos tecn\u00f3logos a supervis\u00e3o e orienta\u00e7\u00e3o t\u00e9cnica de obras, por exemplo. &#8220;Um empres\u00e1rio n\u00e3o vai contratar um profissional para fazer e outro para chancelar. Ele vai contratar um engenheiro, e esse ainda v\u00ea o tecn\u00f3logo como um concorrente&#8221;, diz Guaracy.<\/p>\n<p>Procurado, o Confea n\u00e3o se manifestou.<\/p>\n<p>Fonte: Valor Online<\/p>\n","protected":false},"excerpt":{"rendered":"<p>Enquanto o Minist\u00e9rio da Educa\u00e7\u00e3o vem estimulando a forma\u00e7\u00e3o de tecn\u00f3logos, a Petrobras &#8211; principal estatal do pa\u00eds &#8211; foi condenada a pagar R$ 5&#8230;<\/p>\n","protected":false},"author":1182,"featured_media":3546,"comment_status":"closed","ping_status":"closed","sticky":false,"template":"","format":"standard","meta":{"footnotes":""},"categories":[6],"tags":[97,484,99,145,58],"class_list":["post-3698","post","type-post","status-publish","format-standard","has-post-thumbnail","hentry","category-noticias","tag-concurso","tag-condena","tag-estudantes","tag-justica","tag-petrobras"],"_links":{"self":[{"href":"https:\/\/www.sincomam.org.br\/index.php\/wp-json\/wp\/v2\/posts\/3698","targetHints":{"allow":["GET"]}}],"collection":[{"href":"https:\/\/www.sincomam.org.br\/index.php\/wp-json\/wp\/v2\/posts"}],"about":[{"href":"https:\/\/www.sincomam.org.br\/index.php\/wp-json\/wp\/v2\/types\/post"}],"author":[{"embeddable":true,"href":"https:\/\/www.sincomam.org.br\/index.php\/wp-json\/wp\/v2\/users\/1182"}],"replies":[{"embeddable":true,"href":"https:\/\/www.sincomam.org.br\/index.php\/wp-json\/wp\/v2\/comments?post=3698"}],"version-history":[{"count":1,"href":"https:\/\/www.sincomam.org.br\/index.php\/wp-json\/wp\/v2\/posts\/3698\/revisions"}],"predecessor-version":[{"id":3699,"href":"https:\/\/www.sincomam.org.br\/index.php\/wp-json\/wp\/v2\/posts\/3698\/revisions\/3699"}],"wp:featuredmedia":[{"embeddable":true,"href":"https:\/\/www.sincomam.org.br\/index.php\/wp-json\/wp\/v2\/media\/3546"}],"wp:attachment":[{"href":"https:\/\/www.sincomam.org.br\/index.php\/wp-json\/wp\/v2\/media?parent=3698"}],"wp:term":[{"taxonomy":"category","embeddable":true,"href":"https:\/\/www.sincomam.org.br\/index.php\/wp-json\/wp\/v2\/categories?post=3698"},{"taxonomy":"post_tag","embeddable":true,"href":"https:\/\/www.sincomam.org.br\/index.php\/wp-json\/wp\/v2\/tags?post=3698"}],"curies":[{"name":"wp","href":"https:\/\/api.w.org\/{rel}","templated":true}]}}