{"id":36978,"date":"2021-12-20T09:37:29","date_gmt":"2021-12-20T12:37:29","guid":{"rendered":"http:\/\/www.sincomam.org.br\/?p=36978"},"modified":"2021-12-20T09:37:29","modified_gmt":"2021-12-20T12:37:29","slug":"anvisa-autorizou-dose-da-pfizer-para-criancas-de-5-a-11-anos-mas-governo-bolsonaro-ainda-nao-informou-quando-a-imunizacao-desse-publico-vai-comecar","status":"publish","type":"post","link":"https:\/\/www.sincomam.org.br\/index.php\/anvisa-autorizou-dose-da-pfizer-para-criancas-de-5-a-11-anos-mas-governo-bolsonaro-ainda-nao-informou-quando-a-imunizacao-desse-publico-vai-comecar\/","title":{"rendered":"Anvisa autorizou dose da Pfizer para crian\u00e7as de 5 a 11 anos, mas governo Bolsonaro ainda n\u00e3o informou quando a imuniza\u00e7\u00e3o desse p\u00fablico vai come\u00e7ar"},"content":{"rendered":"<p>O ministro da Sa\u00fade, Marcelo Queiroga, disse nesta segunda-feira (20) que &#8220;a pressa \u00e9 inimiga da perfei\u00e7\u00e3o&#8221; em rela\u00e7\u00e3o \u00e0 vacina\u00e7\u00e3o de crian\u00e7as.\u00a0&#8220;O principal \u00e9 a seguran\u00e7a. No ano de 2021, considerando o pico, onde houve 4000 \u00f3bitos, crian\u00e7as de 5 a 11 anos, menos de 150 \u00f3bitos. N\u00e3o que eu esteja menosprezando, cada vida \u00e9 importante&#8221;, afirmou o ministro \u00e0 imprensa, em Bras\u00edlia. &#8220;Os pais ter\u00e3o a resposta no momento certo, sem a\u00e7odamento&#8221;, continuou o ministro.<\/p>\n<p>O ministro n\u00e3o explicou a origem desses n\u00fameros. Na \u00faltima quinta (16), por\u00e9m, o Conselho Nacional de Secret\u00e1rios de Sa\u00fade (Conass) afirmou que nenhuma outra doen\u00e7a matou tantas crian\u00e7as e adolescentes no Brasil em 2021 quanto a Covid-19.<\/p>\n<p>De acordo com dados da C\u00e2mara T\u00e9cnica de Assessoramento em Imuniza\u00e7\u00e3o da Covid-19, houve 1.449 mortes de crian\u00e7as de 0 a 11 anos, sendo 301 entre as faixas de 5 a 11 desde in\u00edcio da epidemia.<\/p>\n<p>A Ag\u00eancia Nacional de Vigil\u00e2ncia Sanit\u00e1ria (Anvisa) aprovou na semana passada uma vers\u00e3o da vacina da Pfizer para crian\u00e7as de 5 a 11 anos. O governo Bolsonaro, por\u00e9m, ainda n\u00e3o disse quando os imunizantes v\u00e3o come\u00e7ar a ser aplicados.<\/p>\n<p>O Minist\u00e9rio da Sa\u00fade diz que s\u00f3 vai ter uma posi\u00e7\u00e3o em 5 de janeiro, ap\u00f3s fazer uma consulta p\u00fablica e consultar a C\u00e2mara T\u00e9cnica de Assessoramento em Imuniza\u00e7\u00e3o da Covid-19. Essa c\u00e2mara, por\u00e9m, j\u00e1 tem consenso a favor da vacina\u00e7\u00e3o infantil.<\/p>\n<p>Nesta segunda, o ministro disse que ficou sabendo desse posicionamento pela imprensa. &#8220;\u00c9 necess\u00e1rio que isso seja formalizado para o Minist\u00e9rio&#8221;, afirmou. Apesar disso, Queiroga disse que &#8220;a sociedade cientifica n\u00e3o baliza conduta no Minist\u00e9rio da Sa\u00fade&#8221;.<\/p>\n<p>O ministro afirmou que s\u00f3 recebeu o documento da Anvisa. Com ele em m\u00e3os, disse que n\u00e3o ia se manifestar &#8220;com base num documento p\u00fablico de tr\u00eas p\u00e1ginas&#8221;.<\/p>\n<p>&#8220;N\u00e3o \u00e9 um comunicado p\u00fablico que vai fazer o Minist\u00e9rio da Sa\u00fade se posicionar de uma maneira ou de outra. Eu preciso de toda a an\u00e1lise. A An\u00e1lise da qualidade, da evid\u00eancia cient\u00edfica apresentada, avalia\u00e7\u00e3o da amostra de pacientes naquele ensaio cl\u00ednico. N\u00f3s temos que verificar tudo.&#8221;<\/p>\n<p><strong>Bolsonaro intimidou servidores da Anvisa ap\u00f3s aprova\u00e7\u00e3o<\/strong><br \/>\nHoras ap\u00f3s a Anvisa autorizar a vacina\u00e7\u00e3o contra a Covid para crian\u00e7as de 5 a 11 anos, o presidente Jair Bolsonaro usou uma transmiss\u00e3o ao vivo para intimidar os servidores da Anvisa e convocar apoiadores a questionarem a decis\u00e3o da ag\u00eancia.<\/p>\n<p>No domingo (19), a ag\u00eancia acionou \u00f3rg\u00e3os de investiga\u00e7\u00e3o e do governo federal para pedir apura\u00e7\u00e3o sobre novas amea\u00e7as de viol\u00eancia contra diretores da entidade.<\/p>\n<p>Os of\u00edcios foram enviados ao Gabinete de Seguran\u00e7a Institucional da Presid\u00eancia da Rep\u00fablica, ao Minist\u00e9rio da Justi\u00e7a, \u00e0 Procuradoria-Geral da Rep\u00fablica (PGR), \u00e0 Pol\u00edcia Federal e \u00e0 superintend\u00eancia da PF no Distrito Federal.<\/p>\n<p>Fonte: G1<\/p>\n","protected":false},"excerpt":{"rendered":"<p>O ministro da Sa\u00fade, Marcelo Queiroga, disse nesta segunda-feira (20) que &#8220;a pressa \u00e9 inimiga da perfei\u00e7\u00e3o&#8221; em rela\u00e7\u00e3o \u00e0 vacina\u00e7\u00e3o de crian\u00e7as.\u00a0&#8220;O principal \u00e9&#8230;<\/p>\n","protected":false},"author":1527,"featured_media":34278,"comment_status":"closed","ping_status":"closed","sticky":false,"template":"","format":"standard","meta":{"footnotes":""},"categories":[6],"tags":[],"class_list":["post-36978","post","type-post","status-publish","format-standard","has-post-thumbnail","hentry","category-noticias"],"_links":{"self":[{"href":"https:\/\/www.sincomam.org.br\/index.php\/wp-json\/wp\/v2\/posts\/36978","targetHints":{"allow":["GET"]}}],"collection":[{"href":"https:\/\/www.sincomam.org.br\/index.php\/wp-json\/wp\/v2\/posts"}],"about":[{"href":"https:\/\/www.sincomam.org.br\/index.php\/wp-json\/wp\/v2\/types\/post"}],"author":[{"embeddable":true,"href":"https:\/\/www.sincomam.org.br\/index.php\/wp-json\/wp\/v2\/users\/1527"}],"replies":[{"embeddable":true,"href":"https:\/\/www.sincomam.org.br\/index.php\/wp-json\/wp\/v2\/comments?post=36978"}],"version-history":[{"count":1,"href":"https:\/\/www.sincomam.org.br\/index.php\/wp-json\/wp\/v2\/posts\/36978\/revisions"}],"predecessor-version":[{"id":36979,"href":"https:\/\/www.sincomam.org.br\/index.php\/wp-json\/wp\/v2\/posts\/36978\/revisions\/36979"}],"wp:featuredmedia":[{"embeddable":true,"href":"https:\/\/www.sincomam.org.br\/index.php\/wp-json\/wp\/v2\/media\/34278"}],"wp:attachment":[{"href":"https:\/\/www.sincomam.org.br\/index.php\/wp-json\/wp\/v2\/media?parent=36978"}],"wp:term":[{"taxonomy":"category","embeddable":true,"href":"https:\/\/www.sincomam.org.br\/index.php\/wp-json\/wp\/v2\/categories?post=36978"},{"taxonomy":"post_tag","embeddable":true,"href":"https:\/\/www.sincomam.org.br\/index.php\/wp-json\/wp\/v2\/tags?post=36978"}],"curies":[{"name":"wp","href":"https:\/\/api.w.org\/{rel}","templated":true}]}}