{"id":36968,"date":"2021-12-17T08:30:53","date_gmt":"2021-12-17T11:30:53","guid":{"rendered":"http:\/\/www.sincomam.org.br\/?p=36968"},"modified":"2021-12-17T01:29:59","modified_gmt":"2021-12-17T04:29:59","slug":"ciasc-realiza-formatura-dos-cursos-de-carreira-de-2021","status":"publish","type":"post","link":"https:\/\/www.sincomam.org.br\/index.php\/ciasc-realiza-formatura-dos-cursos-de-carreira-de-2021\/","title":{"rendered":"CIASC realiza formatura dos cursos de carreira de 2021"},"content":{"rendered":"<div class=\"rtejustify\"><span style=\"color: #000000;\"><span style=\"font-family: Verdana, sans-serif;\">Esta semana, foi realizada a tradicional Cerim\u00f4nia de Encerramento dos Cursos do Centro de Instru\u00e7\u00e3o Almirante Sylvio de Camargo (CIASC) do ano de 2021. Presidida pelo Comandante da Marinha, Almirante de Esquadra Almir Garnier Santos, o evento marcou a conclus\u00e3o do Curso de Aperfei\u00e7oamento Avan\u00e7ado de Oficiais do Corpo de Fuzileiros Navais (CFN); do Curso de Aperfei\u00e7oamento de Pra\u00e7as; e do Curso de Especializa\u00e7\u00e3o de Pra\u00e7as, totalizando 913 formandos.<\/span><\/span><\/div>\n<div class=\"rtejustify\"><\/div>\n<div class=\"rtejustify\"><span style=\"color: #000000;\"><span style=\"font-family: Verdana, sans-serif;\">O evento foi prestigiado por autoridades civis e militares, al\u00e9m dos familiares dos alunos. A cerim\u00f4nia\u00a0foi transmitida\u00a0pelo canal da Marinha no\u00a0<i>YouTube<\/i>.<\/span><\/span><\/div>\n<div class=\"rtejustify\"><\/div>\n<div class=\"rtejustify\"><span style=\"color: #000000;\"><span style=\"font-family: Verdana, sans-serif;\">A solenidade foi precedida por uma apresenta\u00e7\u00e3o da Banda Marcial do Corpo de Fuzileiros Navais, que executou dobrados militares e algumas can\u00e7\u00f5es populares adaptadas,\u00a0enquanto realizavam suas tradicionais evolu\u00e7\u00f5es. Em seguida, os formandos adentraram ao p\u00e1tio ao som da Can\u00e7\u00e3o do CIASC, \u201cTemplo do Saber\u201d, em uma evolu\u00e7\u00e3o, que contagiou a todos os presentes.<\/span><\/span><\/div>\n<div><\/div>\n<div>\n<div class=\"rtejustify\"><span style=\"color: #000000;\"><span style=\"font-family: Verdana, sans-serif;\">Ap\u00f3s a aposi\u00e7\u00e3o das divisas de Cabo pelas madrinhas e padrinhos, foi realizada a premia\u00e7\u00e3o dos primeiros colocados dos cursos e dos alunos que se destacaram na lideran\u00e7a pelas autoridades presentes.<\/span><\/span><\/div>\n<div class=\"rtejustify\"><\/div>\n<div class=\"rtejustify\">O Comandante da Marinha proferiu palavras de admira\u00e7\u00e3o aos formandos. \u201cEu sinto um grande orgulho, uma grande vibra\u00e7\u00e3o de ver essa cerim\u00f4nia com quase mil Fuzileiros Navais da Marinha do Brasil, que \u00e9 uma das poucas Marinhas do mundo que tem em sua estrutura essa capacidade b\u00e9lica de combate chamada Corpo de Fuzileiros Navais, e voc\u00eas s\u00e3o parte muito importante desse esfor\u00e7o. E \u00e9 por isso que eu vibro muito com essa formatura\u201d. Em seguida, foi realizado o desfile em contin\u00eancia ao Comandante da Marinha e, por fim, a tradicional forma\u00e7\u00e3o da \u00e2ncora com os fuzis cruzados, s\u00edmbolo do CFN, no p\u00e1tio Comandante Gilberto.<\/div>\n<\/div>\n<div><\/div>\n<div>Fonte: Marinha<\/div>\n","protected":false},"excerpt":{"rendered":"<p>Esta semana, foi realizada a tradicional Cerim\u00f4nia de Encerramento dos Cursos do Centro de Instru\u00e7\u00e3o Almirante Sylvio de Camargo (CIASC) do ano de 2021. Presidida&#8230;<\/p>\n","protected":false},"author":1527,"featured_media":36969,"comment_status":"closed","ping_status":"closed","sticky":false,"template":"","format":"standard","meta":{"footnotes":""},"categories":[6],"tags":[],"class_list":["post-36968","post","type-post","status-publish","format-standard","has-post-thumbnail","hentry","category-noticias"],"_links":{"self":[{"href":"https:\/\/www.sincomam.org.br\/index.php\/wp-json\/wp\/v2\/posts\/36968","targetHints":{"allow":["GET"]}}],"collection":[{"href":"https:\/\/www.sincomam.org.br\/index.php\/wp-json\/wp\/v2\/posts"}],"about":[{"href":"https:\/\/www.sincomam.org.br\/index.php\/wp-json\/wp\/v2\/types\/post"}],"author":[{"embeddable":true,"href":"https:\/\/www.sincomam.org.br\/index.php\/wp-json\/wp\/v2\/users\/1527"}],"replies":[{"embeddable":true,"href":"https:\/\/www.sincomam.org.br\/index.php\/wp-json\/wp\/v2\/comments?post=36968"}],"version-history":[{"count":1,"href":"https:\/\/www.sincomam.org.br\/index.php\/wp-json\/wp\/v2\/posts\/36968\/revisions"}],"predecessor-version":[{"id":36970,"href":"https:\/\/www.sincomam.org.br\/index.php\/wp-json\/wp\/v2\/posts\/36968\/revisions\/36970"}],"wp:featuredmedia":[{"embeddable":true,"href":"https:\/\/www.sincomam.org.br\/index.php\/wp-json\/wp\/v2\/media\/36969"}],"wp:attachment":[{"href":"https:\/\/www.sincomam.org.br\/index.php\/wp-json\/wp\/v2\/media?parent=36968"}],"wp:term":[{"taxonomy":"category","embeddable":true,"href":"https:\/\/www.sincomam.org.br\/index.php\/wp-json\/wp\/v2\/categories?post=36968"},{"taxonomy":"post_tag","embeddable":true,"href":"https:\/\/www.sincomam.org.br\/index.php\/wp-json\/wp\/v2\/tags?post=36968"}],"curies":[{"name":"wp","href":"https:\/\/api.w.org\/{rel}","templated":true}]}}