{"id":36965,"date":"2021-12-17T08:30:21","date_gmt":"2021-12-17T11:30:21","guid":{"rendered":"http:\/\/www.sincomam.org.br\/?p=36965"},"modified":"2021-12-17T09:10:24","modified_gmt":"2021-12-17T12:10:24","slug":"alta-nos-casos-de-gripe-e-confirmada-em-pelo-menos-9-estados","status":"publish","type":"post","link":"https:\/\/www.sincomam.org.br\/index.php\/alta-nos-casos-de-gripe-e-confirmada-em-pelo-menos-9-estados\/","title":{"rendered":"Alta nos casos de gripe \u00e9 confirmada em pelo menos 9 estados"},"content":{"rendered":"<p>Os casos de s\u00edndrome gripal est\u00e3o em alta em pelo menos 9 estados do Brasil, segundo levantamento. O aumento come\u00e7ou em meados de novembro e foram se multiplicando, a cidade do Rio foi a primeira a declarar a epidemia.<\/p>\n<p>Nesta semana, a Secretaria Estadual de Sa\u00fade do RJ confirmou que a epidemia j\u00e1 se espalhou por toda a Regi\u00e3o Metropolitana do Rio de Janeiro. O \u00f3rg\u00e3o informou ainda que o estado todo sofre com o desabastecimento de vacinas.<\/p>\n<p>Bel\u00e9m (PA), Porto Velho (RO) e Salvador (BA) confirmaram surto de gripe. No Esp\u00edrito Santo, o estado diz que h\u00e1 &#8220;indicadores para epidemia de Influenza&#8221;.\u00a0Em S\u00e3o Paulo, Minas Gerais, Amazonas e Pernambuco, as autoridades est\u00e3o em alerta por conta do aumento dos casos. Veja a situa\u00e7\u00e3o em cada estado:<\/p>\n<p><strong>S\u00e3o Paulo<\/strong><\/p>\n<p>Hospitais p\u00fablicos e privados da cidade de S\u00e3o Paulo t\u00eam registrado aumento no fluxo de pessoas com sintomas gripais\u00a0nas \u00faltimas semanas, o que tem provocado filas e maior tempo de espera por atendimento. Em prontos-socorros municipais, pacientes afirmam que a espera pode chegar a 6 horas.<\/p>\n<p>Al\u00e9m dos v\u00edrus Influenza A e B, que provocam a gripe, a circula\u00e7\u00e3o de outros v\u00edrus tamb\u00e9m pode estar por tr\u00e1s do crescimento repentino de um &#8220;conjunto de doen\u00e7as respirat\u00f3rias&#8221;, segundo os m\u00e9dicos.<\/p>\n<p><strong>Rio de Janeiro<\/strong><br \/>\nA Secretaria Estadual de Sa\u00fade confirmou na ter\u00e7a-feira (14), que a Regi\u00e3o Metropolitana do Rio de Janeiro vive uma epidemia de gripe. E, apesar do crescente n\u00famero de casos, o estado todo sofre com o desabastecimento de vacinas.\u00a0Os munic\u00edpios que ainda est\u00e3o vacinando t\u00eam poucas doses em estoque, e o Governo Federal n\u00e3o diz quando vai enviar novas remessas.<\/p>\n<p><strong>Minas Gerais<\/strong><br \/>\nO n\u00famero de pacientes com sintomas respirat\u00f3rios, incluindo gripe, aumentou em Belo Horizonte. De acordo com a prefeitura, foram 373 mil diagn\u00f3sticos at\u00e9 a \u00faltima ter\u00e7a-feira (14), o que coloca a cidade em estado de alerta.\u00a0O n\u00famero atual j\u00e1 \u00e9 36,6% maior do que os atendimentos de 2020. Durante todo o ano passado, o sistema p\u00fablico de sa\u00fade da capital recebeu 273 mil pacientes com os mesmos sintomas.<\/p>\n<p><strong>Esp\u00edrito Santo<\/strong><br \/>\nA Secretaria de Estado da Sa\u00fade (Sesa) do Esp\u00edrito Santo disse, na tarde de quarta-feira (15), que o estado &#8220;apresenta indicadores para epidemia de influenza&#8221;.<\/p>\n<p>&#8220;Foi observado que, nas \u00faltimas duas semanas, o aumento de exames analisados e da taxa de positividade por Influenza. Em outubro, a taxa era de 0,04%, e em dezembro, at\u00e9 o dia 13, registrou-se taxa de positividade crescente de 7,3% em todo o estado&#8221;, diz comunicado da Sesa destinado a profissionais de sa\u00fade.<\/p>\n<p>O governo estadual divulgou que est\u00e1 mobilizando os 78 munic\u00edpios capixabas para alcan\u00e7ar a meta da cobertura vacinal contra a gripe, preconizada pelo Minist\u00e9rio da Sa\u00fade, de 90%. Atualmente, a cobertura vacinal da gripe no Esp\u00edrito Santo \u00e9 de 78,6%.<\/p>\n<p><strong>Amazonas<\/strong><br \/>\nO Amazonas est\u00e1 em alerta por conta do aumento de s\u00edndromes gripais, apesar de o aumento de casos ser comum no inverno amaz\u00f4nico, que coincide com o per\u00edodo chuvoso no estado.<\/p>\n<p>Uma das principais preocupa\u00e7\u00f5es \u00e9 quanto ao v\u00edrus Influenza A (H3N2), que voltou a circular com mais for\u00e7a. S\u00f3 em Manaus, foram registrados 309 casos de Influenza de 13 de outubro a 13 de dezembro, sendo 272 do tipo A, e 37 n\u00e3o especificados, segundo a FVS.\u00a0Nesse mesmo per\u00edodo do ano passado, n\u00e3o foi registrado nenhum caso de Influenza na capital amazonense.<\/p>\n<p><strong>Bahia<\/strong><br \/>\nO secret\u00e1rio de Sa\u00fade de Salvador, L\u00e9o Prates, confirmou que Salvador passa por um surto de gripe na ter\u00e7a-feira (14).\u00a0O n\u00famero de ocorr\u00eancias confirmadas para a gripe Influenza A do subtipo H1N2 subiu para 144 nesta quinta-feira (16). Um dia antes, uma idosa morreu de 80 anos morreu infectada pela doen\u00e7a. Ao todo, 147 casos de gripe foram notificados entre novembro e dezembro, sendo 144 deles da H3N2.<\/p>\n<p>Com poucas doses de vacina, a prefeitura destinou a imuniza\u00e7\u00e3o para o p\u00fablico eleg\u00edvel, como trabalhadores da sa\u00fade, crian\u00e7as entre 6 meses e 6 anos; gestantes e pu\u00e9rperas; pessoas com mais de 60 anos; povos ind\u00edgenas e quilombolas e pessoas com comorbidades ou defici\u00eancia permanente.<\/p>\n<p><strong>Par\u00e1<\/strong><br \/>\nA Secretaria Municipal de Sa\u00fade (Sesma) confirmou surto de gripe do v\u00edrus Influenza em Bel\u00e9m na quarta-feira (15). De acordo com a Secretaria, o surto est\u00e1 provocando superlota\u00e7\u00e3o nas salas de urg\u00eancia e emerg\u00eancia.<\/p>\n<p>Os casos de gripe dobraram nas \u00faltimas 72 horas na capital, segundo o boletim epidemiol\u00f3gico da Sesma nesta quinta (16). O n\u00famero de casos, no entanto, n\u00e3o foi informado. &#8220;A maioria se caracteriza por quadros leves&#8217;, diz a secretaria.<\/p>\n<p><strong>Pernambuco<\/strong><br \/>\nO Recife registrou um aumento de 36,3% nos casos de s\u00edndrome gripal em 2021, em compara\u00e7\u00e3o ao mesmo per\u00edodo no ano de 2020. Apesar disso, tanto na capital pernambucana quanto no resto do estado n\u00e3o foram registrados casos de Influenza, segundo as secretarias de Sa\u00fade do munic\u00edpio e do estado<\/p>\n<p><strong>Rond\u00f4nia<\/strong><br \/>\nA prefeitura da capital, Porto Velho, classificou a situa\u00e7\u00e3o da cidade como &#8220;surto de s\u00edndrome gripal&#8221;, sem dar n\u00fameros de casos.<\/p>\n<p>\u201cH\u00e1 um surto dessa s\u00edndrome gripal em Porto Velho, isso se soma \u00e0 pandemia. As UPAs est\u00e3o realmente superlotadas por conta da Influenza juntamente com a Covid\u201d, comentou o prefeito Hildon Chaves.<\/p>\n<p>Segundo a secretaria de sa\u00fade, as Unidades de Pronto Atendimento (UPAs) est\u00e3o percebendo aumento dos casos de s\u00edndrome gripal, mas o \u00f3rg\u00e3o n\u00e3o divulgou a dimens\u00e3o do aumento dos casos.<\/p>\n<p>Fonte: G1<\/p>\n","protected":false},"excerpt":{"rendered":"<p>Os casos de s\u00edndrome gripal est\u00e3o em alta em pelo menos 9 estados do Brasil, segundo levantamento. O aumento come\u00e7ou em meados de novembro e&#8230;<\/p>\n","protected":false},"author":1527,"featured_media":19507,"comment_status":"closed","ping_status":"closed","sticky":false,"template":"","format":"standard","meta":{"footnotes":""},"categories":[6],"tags":[],"class_list":["post-36965","post","type-post","status-publish","format-standard","has-post-thumbnail","hentry","category-noticias"],"_links":{"self":[{"href":"https:\/\/www.sincomam.org.br\/index.php\/wp-json\/wp\/v2\/posts\/36965","targetHints":{"allow":["GET"]}}],"collection":[{"href":"https:\/\/www.sincomam.org.br\/index.php\/wp-json\/wp\/v2\/posts"}],"about":[{"href":"https:\/\/www.sincomam.org.br\/index.php\/wp-json\/wp\/v2\/types\/post"}],"author":[{"embeddable":true,"href":"https:\/\/www.sincomam.org.br\/index.php\/wp-json\/wp\/v2\/users\/1527"}],"replies":[{"embeddable":true,"href":"https:\/\/www.sincomam.org.br\/index.php\/wp-json\/wp\/v2\/comments?post=36965"}],"version-history":[{"count":2,"href":"https:\/\/www.sincomam.org.br\/index.php\/wp-json\/wp\/v2\/posts\/36965\/revisions"}],"predecessor-version":[{"id":36977,"href":"https:\/\/www.sincomam.org.br\/index.php\/wp-json\/wp\/v2\/posts\/36965\/revisions\/36977"}],"wp:featuredmedia":[{"embeddable":true,"href":"https:\/\/www.sincomam.org.br\/index.php\/wp-json\/wp\/v2\/media\/19507"}],"wp:attachment":[{"href":"https:\/\/www.sincomam.org.br\/index.php\/wp-json\/wp\/v2\/media?parent=36965"}],"wp:term":[{"taxonomy":"category","embeddable":true,"href":"https:\/\/www.sincomam.org.br\/index.php\/wp-json\/wp\/v2\/categories?post=36965"},{"taxonomy":"post_tag","embeddable":true,"href":"https:\/\/www.sincomam.org.br\/index.php\/wp-json\/wp\/v2\/tags?post=36965"}],"curies":[{"name":"wp","href":"https:\/\/api.w.org\/{rel}","templated":true}]}}