{"id":36963,"date":"2021-12-17T08:30:33","date_gmt":"2021-12-17T11:30:33","guid":{"rendered":"http:\/\/www.sincomam.org.br\/?p=36963"},"modified":"2021-12-17T01:12:35","modified_gmt":"2021-12-17T04:12:35","slug":"anvisa-autoriza-vacina-da-pfizer-contra-covid-19-em-criancas","status":"publish","type":"post","link":"https:\/\/www.sincomam.org.br\/index.php\/anvisa-autoriza-vacina-da-pfizer-contra-covid-19-em-criancas\/","title":{"rendered":"Anvisa autoriza vacina da Pfizer contra covid-19 em crian\u00e7as"},"content":{"rendered":"<p>A Ag\u00eancia Nacional de Vigil\u00e2ncia Sanit\u00e1ria (Anvisa) aprovou o uso da vacina produzida pelo cons\u00f3rcio Pfizer-BioNTech, a Comirnaty, contra a covid-19 em crian\u00e7as com idade de 5 a 11 anos.<img decoding=\"async\" src=\"https:\/\/agenciabrasil.ebc.com.br\/ebc.png?id=1432409&amp;o=node\" \/><img decoding=\"async\" src=\"https:\/\/agenciabrasil.ebc.com.br\/ebc.gif?id=1432409&amp;o=node\" \/><\/p>\n<p>A aprova\u00e7\u00e3o foi anunciada nesta quinta (16), em transmiss\u00e3o ao vivo da Anvisa, no Youtube, ap\u00f3s avalia\u00e7\u00e3o t\u00e9cnica da ag\u00eancia, sobre o pedido apresentado em novembro, indicando o uso da vacina para este p\u00fablico. A resolu\u00e7\u00e3o com a autoriza\u00e7\u00e3o da Anvisa ser\u00e1 publicada ainda hoje (16) no Di\u00e1rio Oficial da Uni\u00e3o, em edi\u00e7\u00e3o especial, segundo gerente geral de Medicamentos da Anvisa, Gustavo Mendes.Gustavo Mendes.<\/p>\n<p>\u201cCom base na totalidade das evid\u00eancias cient\u00edficas dispon\u00edveis, a vacina Pfizer-BioNTech, quando administrada no esquema de duas doses em crian\u00e7as de 5 a 11 anos de idade, pode ser eficaz na preven\u00e7\u00e3o de doen\u00e7as graves, potencialmente fatais ou condi\u00e7\u00f5es que podem ser causadas pelo SARS-CoV-2\u201d, disse Mendes.<\/p>\n<p>O gerente lembrou que as an\u00e1lises contaram com a participa\u00e7\u00e3o de diversos especialistas tanto da Anvisa como de outras entidades. \u201cVerificamos seguran\u00e7a e tolerabilidade, em uma primeira fase. Nela foram aplicadas doses diferentes. Com base no resultado, chegamos \u00e0 conclus\u00e3o de que deveriam ser aplicadas 10 microgramas, quantidade inferior \u00e0 aplicada em adultos\u201d, disse.<\/p>\n<p>Ele acrescentou que, na compara\u00e7\u00e3o entre crian\u00e7as de 5 a 11 com pessoas de 16 a 25 anos [considerando as doses correspondentes a cada grupo], foi identificada a presen\u00e7a de anticorpos nas crian\u00e7as.<\/p>\n<p>\u201cObservamos desempenho satisfat\u00f3rio da vacina tamb\u00e9m contra a variante Delta\u201d, ressaltou. \u201cE n\u00e3o h\u00e1 relato de nenhum evento adverso s\u00e9rio, de preocupa\u00e7\u00e3o ou relato relacionado a casos muito graves ou mortalidade por conta da vacina\u00e7\u00e3o. Esse perfil de seguran\u00e7a \u00e9 muito importante\u201d, completou.<\/p>\n<p>De acordo com a gerente geral de Monitoramento, Suzie Marie Gomes, as doses de vacinas para crian\u00e7as \u00e9 de um ter\u00e7o em rela\u00e7\u00e3o \u00e0 dose e \u00e0 formula\u00e7\u00e3o aprovada anteriormente. Al\u00e9m disso a formula\u00e7\u00e3o pedi\u00e1trica \u00e9 diferente. Ou seja, n\u00e3o se pode fazer dilui\u00e7\u00e3o da dose de adulto para a dose de crian\u00e7a.<\/p>\n<p>Suzie Marie acrescenta que as crian\u00e7as que completarem 12 anos entre a primeira e a segunda dose devem manter a dose pedi\u00e1trica. A vacina da Pfizer-BioNTech j\u00e1 havia sido autorizada para aplica\u00e7\u00e3o em adolescentes com idade a partir de 12 anos.<\/p>\n<p>Por fim, a gerente de Monitoramento ressalta que n\u00e3o h\u00e1 estudos sobre coadministra\u00e7\u00e3o com outras vacinas e que, portanto, o uso de diferentes vacina n\u00e3o \u00e9 indicado.<\/p>\n<p>Segundo a Anvisa, a dose da vacina para crian\u00e7as ser\u00e1 diferente daquela utilizada para pessoas a partir de 12 anos. Os frascos tamb\u00e9m ter\u00e3o cores distintas para evitar erros na aplica\u00e7\u00e3o<em>.<\/em><\/p>\n<p>Fonte: Ag\u00eancia Brasil<\/p>\n","protected":false},"excerpt":{"rendered":"<p>A Ag\u00eancia Nacional de Vigil\u00e2ncia Sanit\u00e1ria (Anvisa) aprovou o uso da vacina produzida pelo cons\u00f3rcio Pfizer-BioNTech, a Comirnaty, contra a covid-19 em crian\u00e7as com idade&#8230;<\/p>\n","protected":false},"author":1527,"featured_media":30124,"comment_status":"closed","ping_status":"closed","sticky":false,"template":"","format":"standard","meta":{"footnotes":""},"categories":[6],"tags":[],"class_list":["post-36963","post","type-post","status-publish","format-standard","has-post-thumbnail","hentry","category-noticias"],"_links":{"self":[{"href":"https:\/\/www.sincomam.org.br\/index.php\/wp-json\/wp\/v2\/posts\/36963","targetHints":{"allow":["GET"]}}],"collection":[{"href":"https:\/\/www.sincomam.org.br\/index.php\/wp-json\/wp\/v2\/posts"}],"about":[{"href":"https:\/\/www.sincomam.org.br\/index.php\/wp-json\/wp\/v2\/types\/post"}],"author":[{"embeddable":true,"href":"https:\/\/www.sincomam.org.br\/index.php\/wp-json\/wp\/v2\/users\/1527"}],"replies":[{"embeddable":true,"href":"https:\/\/www.sincomam.org.br\/index.php\/wp-json\/wp\/v2\/comments?post=36963"}],"version-history":[{"count":1,"href":"https:\/\/www.sincomam.org.br\/index.php\/wp-json\/wp\/v2\/posts\/36963\/revisions"}],"predecessor-version":[{"id":36964,"href":"https:\/\/www.sincomam.org.br\/index.php\/wp-json\/wp\/v2\/posts\/36963\/revisions\/36964"}],"wp:featuredmedia":[{"embeddable":true,"href":"https:\/\/www.sincomam.org.br\/index.php\/wp-json\/wp\/v2\/media\/30124"}],"wp:attachment":[{"href":"https:\/\/www.sincomam.org.br\/index.php\/wp-json\/wp\/v2\/media?parent=36963"}],"wp:term":[{"taxonomy":"category","embeddable":true,"href":"https:\/\/www.sincomam.org.br\/index.php\/wp-json\/wp\/v2\/categories?post=36963"},{"taxonomy":"post_tag","embeddable":true,"href":"https:\/\/www.sincomam.org.br\/index.php\/wp-json\/wp\/v2\/tags?post=36963"}],"curies":[{"name":"wp","href":"https:\/\/api.w.org\/{rel}","templated":true}]}}