{"id":36959,"date":"2021-12-17T08:30:15","date_gmt":"2021-12-17T11:30:15","guid":{"rendered":"http:\/\/www.sincomam.org.br\/?p=36959"},"modified":"2021-12-17T01:01:16","modified_gmt":"2021-12-17T04:01:16","slug":"porto-do-itaqui-inaugura-centro-de-controle-e-comunicacao","status":"publish","type":"post","link":"https:\/\/www.sincomam.org.br\/index.php\/porto-do-itaqui-inaugura-centro-de-controle-e-comunicacao\/","title":{"rendered":"PORTO DO ITAQUI INAUGURA CENTRO DE CONTROLE E COMUNICA\u00c7\u00c3O"},"content":{"rendered":"<p>Ap\u00f3s a entrega do moderno Centro de Controle Operacional (CCO) em 2017, o Porto do Itaqui conclui outro grande investimento tecnol\u00f3gico e d\u00e1 mais um passo para aprimorar a seguran\u00e7a portu\u00e1ria. Nesta semana, foi inaugurado o novo Centro de Controle e Comunica\u00e7\u00e3o (CCCOM), na sede da EMAP \u2013 Empresa Maranhense de Administra\u00e7\u00e3o Portu\u00e1ria, com infraestrutura ampliada, atualiza\u00e7\u00e3o de equipamentos, 160 c\u00e2meras e novas tecnologias, como o emprego de leitura facial nos acessos.<\/p>\n<p>\u201cUm dos objetivos da nossa gest\u00e3o \u00e9 igualar o Porto do Itaqui ao padr\u00e3o internacional. Por isso, estamos sempre atentos a novas sugest\u00f5es de tecnologias, especialmente \u00e0quelas relacionadas \u00e0 seguran\u00e7a. O Itaqui \u00e9 um porto n\u00e3o s\u00f3 do Maranh\u00e3o, ele tem influ\u00eancia regional e import\u00e2ncia nacional\u201d, disse o presidente do Porto do Itaqui, Ted Lago.<\/p>\n<p>Para marcar a entrega do novo CCCOM, a Ger\u00eancia de Seguran\u00e7a Portu\u00e1ria (GESEP) da EMAP recebeu o coordenador da Comiss\u00e3o Estadual de Seguran\u00e7a P\u00fablica nos Portos, Terminais e Vias Naveg\u00e1veis do Maranh\u00e3o (Cesportos), delegado da Pol\u00edcia Federal, Francisco Albuquerque Parente Junior, representantes da Capitania dos Portos e da Pol\u00edcia Militar do Maranh\u00e3o, al\u00e9m de dois oficiais da Guarda Costeira Norte-Americana, Alex Karnath e Rob Shaw.<\/p>\n<p>\u201cOs investimentos na \u00e1rea de seguran\u00e7a trazem benef\u00edcios n\u00e3o apenas para o Porto do Itaqui, mas tamb\u00e9m para o Brasil e nos coloca como refer\u00eancia para o mundo. N\u00e3o \u00e0 toa, estamos recebendo a visita de integrantes da Guarda Costeira Americana, que est\u00e3o visitando os portos brasileiros para conhecer seus programas de seguran\u00e7a\u201d, afirmou Francisco Albuquerque.<\/p>\n<p>Segundo o gerente de Seguran\u00e7a Patrimonial do Itaqui, Jos\u00e9 Ribamar Mar\u00e3o Neto, o novo CCCom \u00e9 fruto do apoio e aten\u00e7\u00e3o da gest\u00e3o \u00e0 \u00e1rea de seguran\u00e7a. \u201cCom esse aparato tecnol\u00f3gico o Porto do Itaqui ganha mais import\u00e2ncia dentro do sistema internacional de seguran\u00e7a\u201d, disse.<\/p>\n<p>O novo Centro de Controle e Comunica\u00e7\u00e3o do Porto do Itaqui foi equipado conforme as diretrizes do ISPS Code, o C\u00f3digo Internacional para Prote\u00e7\u00e3o de Navios e Instala\u00e7\u00f5es Portu\u00e1rias. A nova estrutura representa oferece recursos tecnol\u00f3gicos avan\u00e7ados para o trabalho da Guarda Portu\u00e1ria e da Seguran\u00e7a Patrimonial do porto p\u00fablico do Maranh\u00e3o.<\/p>\n<p>Fonte: Informativo dos Portos<\/p>\n","protected":false},"excerpt":{"rendered":"<p>Ap\u00f3s a entrega do moderno Centro de Controle Operacional (CCO) em 2017, o Porto do Itaqui conclui outro grande investimento tecnol\u00f3gico e d\u00e1 mais um&#8230;<\/p>\n","protected":false},"author":1527,"featured_media":19134,"comment_status":"closed","ping_status":"closed","sticky":false,"template":"","format":"standard","meta":{"footnotes":""},"categories":[6],"tags":[],"class_list":["post-36959","post","type-post","status-publish","format-standard","has-post-thumbnail","hentry","category-noticias"],"_links":{"self":[{"href":"https:\/\/www.sincomam.org.br\/index.php\/wp-json\/wp\/v2\/posts\/36959","targetHints":{"allow":["GET"]}}],"collection":[{"href":"https:\/\/www.sincomam.org.br\/index.php\/wp-json\/wp\/v2\/posts"}],"about":[{"href":"https:\/\/www.sincomam.org.br\/index.php\/wp-json\/wp\/v2\/types\/post"}],"author":[{"embeddable":true,"href":"https:\/\/www.sincomam.org.br\/index.php\/wp-json\/wp\/v2\/users\/1527"}],"replies":[{"embeddable":true,"href":"https:\/\/www.sincomam.org.br\/index.php\/wp-json\/wp\/v2\/comments?post=36959"}],"version-history":[{"count":1,"href":"https:\/\/www.sincomam.org.br\/index.php\/wp-json\/wp\/v2\/posts\/36959\/revisions"}],"predecessor-version":[{"id":36962,"href":"https:\/\/www.sincomam.org.br\/index.php\/wp-json\/wp\/v2\/posts\/36959\/revisions\/36962"}],"wp:featuredmedia":[{"embeddable":true,"href":"https:\/\/www.sincomam.org.br\/index.php\/wp-json\/wp\/v2\/media\/19134"}],"wp:attachment":[{"href":"https:\/\/www.sincomam.org.br\/index.php\/wp-json\/wp\/v2\/media?parent=36959"}],"wp:term":[{"taxonomy":"category","embeddable":true,"href":"https:\/\/www.sincomam.org.br\/index.php\/wp-json\/wp\/v2\/categories?post=36959"},{"taxonomy":"post_tag","embeddable":true,"href":"https:\/\/www.sincomam.org.br\/index.php\/wp-json\/wp\/v2\/tags?post=36959"}],"curies":[{"name":"wp","href":"https:\/\/api.w.org\/{rel}","templated":true}]}}