{"id":36946,"date":"2021-12-16T08:30:05","date_gmt":"2021-12-16T11:30:05","guid":{"rendered":"http:\/\/www.sincomam.org.br\/?p=36946"},"modified":"2021-12-16T02:17:48","modified_gmt":"2021-12-16T05:17:48","slug":"marinha-realiza-a-segunda-fase-da-xl-operacao-dragao-meridiano","status":"publish","type":"post","link":"https:\/\/www.sincomam.org.br\/index.php\/marinha-realiza-a-segunda-fase-da-xl-operacao-dragao-meridiano\/","title":{"rendered":"Marinha realiza a segunda fase da XL Opera\u00e7\u00e3o \u201cDrag\u00e3o\/Meridiano\u201d"},"content":{"rendered":"<div class=\"rtejustify\"><span style=\"color: #000000;\"><span style=\"font-family: Verdana, sans-serif;\">Encerrando o ciclo anual de adestramentos da Esquadra e da For\u00e7a de Fuzileiros da Esquadra, foi realizada, entre os dias 7 e 15 de dezembro, na \u00e1rea mar\u00edtima compreendida entre os munic\u00edpios do Rio de Janeiro (RJ) e Vit\u00f3ria (ES), a segunda fase da 40\u00aa edi\u00e7\u00e3o da Opera\u00e7\u00e3o &#8220;Drag\u00e3o&#8221;, que esteve inserida no exerc\u00edcio conjunto &#8220;Meridiano&#8221;, coordenado pelo Minist\u00e9rio da Defesa, e que contou tamb\u00e9m com a participa\u00e7\u00e3o do Ex\u00e9rcito e da For\u00e7a A\u00e9rea.<\/span><\/span><\/div>\n<div class=\"rtejustify\"><\/div>\n<div class=\"rtejustify\"><span style=\"color: #000000;\"><span style=\"font-family: Verdana, sans-serif;\">Cerca de dois mil militares da Marinha (dentre eles, 650 Fuzileiros Navais), 6 navios (Navio-Aer\u00f3dromo Multiprop\u00f3sito &#8220;Atl\u00e2ntico&#8221;; Navio Doca Multiprop\u00f3sito &#8220;Bahia&#8221;; Fragata &#8220;Liberal&#8221;; Fragata &#8220;Independ\u00eancia&#8221;; Corveta &#8220;Caboclo&#8221;; e Embarca\u00e7\u00e3o de Desembarque de Carga Geral &#8220;Marambaia&#8221;) e 7 aeronaves (3 UH-15, 1 SH-16, 1 UH-12 e 2 ca\u00e7as AF-1), al\u00e9m de 50 militares e 6 aeronaves da For\u00e7a A\u00e9rea (1 P-95, 1 C-105, 1 C-95, 2 ca\u00e7as A-29 e 1 ca\u00e7a F-5EM) e 120 militares do Ex\u00e9rcito foram empregados na miss\u00e3o.<\/span><\/span><\/div>\n<div class=\"rtejustify\"><\/div>\n<div class=\"rtejustify\"><span style=\"color: #000000;\"><span style=\"font-family: Verdana, sans-serif;\">No dia \u201cD\u201d (ponto alto da opera\u00e7\u00e3o), as tropas de Fuzileiros Navais simularam a ocupa\u00e7\u00e3o de um territ\u00f3rio hostil, realizando um assalto anf\u00edbio. Al\u00e9m dos militares da For\u00e7a de Fuzileiros da Esquadra, atuaram tamb\u00e9m elementos de Opera\u00e7\u00f5es Especiais dos Comandos Anf\u00edbios e de Mergulhadores de Combate, que realizaram t\u00e9cnicas de infiltra\u00e7\u00e3o, a\u00e7\u00f5es de reconhecimento e exerc\u00edcios terrestres de deslocamento t\u00e1tico, na regi\u00e3o da Praia de Itaoca, no munic\u00edpio de Itapemirim (ES).<\/span><\/span><\/div>\n<div class=\"rtejustify\"><span style=\"color: #000000;\">\u201c<span style=\"font-family: Verdana, sans-serif;\">Essa opera\u00e7\u00e3o \u00e9 considerada uma das mais complexas realizadas pela Marinha. Ela representa uma excelente oportunidade para testar nossa prontid\u00e3o operativa, nossa capacidade expedicion\u00e1ria e, principalmente, nossa capacidade anf\u00edbia\u201d, ressaltou o Comandante do Grupo-Tarefa, Contra-Almirante Marcelo Menezes Cardoso.<\/span><\/span><\/div>\n<div><\/div>\n<div>\n<div class=\"rtejustify\"><span style=\"color: #000000;\"><span style=\"font-family: Verdana, sans-serif;\">A integra\u00e7\u00e3o da For\u00e7a A\u00e9rea na miss\u00e3o foi por meio do lan\u00e7amento dos Comandos Anf\u00edbios por Salto Livre Operacional (para an\u00e1lise e reconhecimento do terreno), da simula\u00e7\u00e3o de um apoio de fogo a\u00e9reo e de um exerc\u00edcio de intercepta\u00e7\u00e3o a\u00e9rea, envolvendo duas aeronaves do Esquadr\u00e3o VF-1 e uma aeronave F-5EM do 1.\u00ba Grupo de Avia\u00e7\u00e3o de Ca\u00e7a (1\u00ba GavCa).<\/span><\/span><\/div>\n<div class=\"rtejustify\"><\/div>\n<div class=\"rtejustify\"><span style=\"color: #000000;\"><span style=\"font-family: Verdana, sans-serif;\">J\u00e1 o Ex\u00e9rcito testou, com sucesso, a bordo do NAM &#8220;Atl\u00e2ntico&#8221;, o Sistema de apoio \u00e0 decis\u00e3o Pacificador, que permite a geolocaliza\u00e7\u00e3o das tropas no terreno. Al\u00e9m disso, foi realizado o embarque e transporte administrativo de tropas do Ex\u00e9rcito no Navio Doca Multiprop\u00f3sito &#8220;Bahia&#8221;, de Vit\u00f3ria at\u00e9 o Rio de Janeiro, incrementando o grau de interoperabilidade entre as for\u00e7as.<\/span><\/span><\/div>\n<div class=\"rtejustify\"><\/div>\n<div class=\"rtejustify\"><span style=\"color: #000000;\">\u201c<span style=\"font-family: Verdana, sans-serif;\">\u00c9 muito enriquecedor fazer parte desta miss\u00e3o, estar embarcado em um navio da Marinha e confirmar que estamos em condi\u00e7\u00f5es de apoiar opera\u00e7\u00f5es anf\u00edbias\u201d, disse o Terceiro-Sargento Thalison Damasceno da Silva, Operador de Sistemas do Ex\u00e9rcito.<\/span><\/span><\/div>\n<\/div>\n<div>\n<div class=\"field field-name-field-fonte-noticia field-type-field-collection field-label-hidden\">\n<div class=\"field-items\">\n<div class=\"field-item even\">\n<div>\n<div class=\"content\">\n<div class=\"field field-name-field-valor-fonte-noticias field-type-text field-label-hidden\">\n<div class=\"field-items\">\n<div><\/div>\n<div class=\"field-item even\">Fonte: Centro de Comunica\u00e7\u00e3o Social da Marinha<\/div>\n<\/div>\n<\/div>\n<\/div>\n<\/div>\n<\/div>\n<\/div>\n<\/div>\n<\/div>\n","protected":false},"excerpt":{"rendered":"<p>Encerrando o ciclo anual de adestramentos da Esquadra e da For\u00e7a de Fuzileiros da Esquadra, foi realizada, entre os dias 7 e 15 de dezembro,&#8230;<\/p>\n","protected":false},"author":1527,"featured_media":36947,"comment_status":"closed","ping_status":"closed","sticky":false,"template":"","format":"standard","meta":{"footnotes":""},"categories":[6],"tags":[],"class_list":["post-36946","post","type-post","status-publish","format-standard","has-post-thumbnail","hentry","category-noticias"],"_links":{"self":[{"href":"https:\/\/www.sincomam.org.br\/index.php\/wp-json\/wp\/v2\/posts\/36946","targetHints":{"allow":["GET"]}}],"collection":[{"href":"https:\/\/www.sincomam.org.br\/index.php\/wp-json\/wp\/v2\/posts"}],"about":[{"href":"https:\/\/www.sincomam.org.br\/index.php\/wp-json\/wp\/v2\/types\/post"}],"author":[{"embeddable":true,"href":"https:\/\/www.sincomam.org.br\/index.php\/wp-json\/wp\/v2\/users\/1527"}],"replies":[{"embeddable":true,"href":"https:\/\/www.sincomam.org.br\/index.php\/wp-json\/wp\/v2\/comments?post=36946"}],"version-history":[{"count":1,"href":"https:\/\/www.sincomam.org.br\/index.php\/wp-json\/wp\/v2\/posts\/36946\/revisions"}],"predecessor-version":[{"id":36948,"href":"https:\/\/www.sincomam.org.br\/index.php\/wp-json\/wp\/v2\/posts\/36946\/revisions\/36948"}],"wp:featuredmedia":[{"embeddable":true,"href":"https:\/\/www.sincomam.org.br\/index.php\/wp-json\/wp\/v2\/media\/36947"}],"wp:attachment":[{"href":"https:\/\/www.sincomam.org.br\/index.php\/wp-json\/wp\/v2\/media?parent=36946"}],"wp:term":[{"taxonomy":"category","embeddable":true,"href":"https:\/\/www.sincomam.org.br\/index.php\/wp-json\/wp\/v2\/categories?post=36946"},{"taxonomy":"post_tag","embeddable":true,"href":"https:\/\/www.sincomam.org.br\/index.php\/wp-json\/wp\/v2\/tags?post=36946"}],"curies":[{"name":"wp","href":"https:\/\/api.w.org\/{rel}","templated":true}]}}