{"id":36934,"date":"2021-12-16T08:30:03","date_gmt":"2021-12-16T11:30:03","guid":{"rendered":"http:\/\/www.sincomam.org.br\/?p=36934"},"modified":"2021-12-16T02:05:40","modified_gmt":"2021-12-16T05:05:40","slug":"escola-naval-realiza-a-cerimonia-de-declaracao-de-guardas-marinha-de-2021","status":"publish","type":"post","link":"https:\/\/www.sincomam.org.br\/index.php\/escola-naval-realiza-a-cerimonia-de-declaracao-de-guardas-marinha-de-2021\/","title":{"rendered":"Escola Naval realiza a Cerim\u00f4nia de Declara\u00e7\u00e3o de Guardas-Marinha de 2021"},"content":{"rendered":"<div class=\"rtejustify\"><span style=\"color: #000000;\"><span style=\"font-family: Verdana, sans-serif;\"><span>O<\/span><span>s Aspirantes da Turma \u201cCapit\u00e3o de Fragata Lu\u00eds Barroso Pereira\u201d foram declarados Guardas-Marinha em nesta semana. <\/span><\/span><\/span><span style=\"color: #000000;\"><span style=\"font-family: Verdana, sans-serif;\">Na ocasi\u00e3o, 197 Aspirantes, dentre eles, dois formandos das Marinhas amigas da Rep\u00fablica de Cabo Verde e Rep\u00fablica do Senegal receberam suas Espadas, s\u00edmbolo do Oficial de Marinha, ap\u00f3s quatro anos de forma\u00e7\u00e3o acad\u00eamica e militar-naval.<\/span><\/span><\/div>\n<div><\/div>\n<div>\n<div class=\"field field-name-body field-type-text-with-summary field-label-hidden\">\n<div class=\"field-items\">\n<div class=\"field-item even\">\n<div class=\"rtejustify\"><span style=\"color: #000000;\"><span style=\"font-family: Verdana, sans-serif;\">O patrono da turma,\u00a0<span>Capit\u00e3o de Fragata Lu\u00eds Barroso Pereira, nasceu em 1786 e matriculou-se na Real Academia dos Guardas-Marinha aos 15 anos de idade. Foi um c\u00e9lebre her\u00f3i brasileiro que participou da Campanha da Independ\u00eancia, tendo falecido em 1826 no posto de comando da Fragata \u201cImperatriz\u201d.<\/span><\/span><\/span><\/div>\n<div class=\"rtejustify\"><\/div>\n<div class=\"rtejustify\"><span style=\"color: #000000;\"><span style=\"font-family: Verdana, sans-serif;\">Durante o evento, foram homenageados os Guardas-Marinha de 1971, componentes da Turma \u201cVisconde de Ouro Preto\u201d, que h\u00e1 50 anos foram declarados Guardas-Marinha.<\/span><\/span><\/div>\n<p>Fonte: Centro de Comunica\u00e7\u00e3o Social da Marinha<\/p>\n<\/div>\n<\/div>\n<\/div>\n<\/div>\n","protected":false},"excerpt":{"rendered":"<p>Os Aspirantes da Turma \u201cCapit\u00e3o de Fragata Lu\u00eds Barroso Pereira\u201d foram declarados Guardas-Marinha em nesta semana. Na ocasi\u00e3o, 197 Aspirantes, dentre eles, dois formandos das&#8230;<\/p>\n","protected":false},"author":1527,"featured_media":36937,"comment_status":"closed","ping_status":"closed","sticky":false,"template":"","format":"standard","meta":{"footnotes":""},"categories":[6],"tags":[],"class_list":["post-36934","post","type-post","status-publish","format-standard","has-post-thumbnail","hentry","category-noticias"],"_links":{"self":[{"href":"https:\/\/www.sincomam.org.br\/index.php\/wp-json\/wp\/v2\/posts\/36934","targetHints":{"allow":["GET"]}}],"collection":[{"href":"https:\/\/www.sincomam.org.br\/index.php\/wp-json\/wp\/v2\/posts"}],"about":[{"href":"https:\/\/www.sincomam.org.br\/index.php\/wp-json\/wp\/v2\/types\/post"}],"author":[{"embeddable":true,"href":"https:\/\/www.sincomam.org.br\/index.php\/wp-json\/wp\/v2\/users\/1527"}],"replies":[{"embeddable":true,"href":"https:\/\/www.sincomam.org.br\/index.php\/wp-json\/wp\/v2\/comments?post=36934"}],"version-history":[{"count":1,"href":"https:\/\/www.sincomam.org.br\/index.php\/wp-json\/wp\/v2\/posts\/36934\/revisions"}],"predecessor-version":[{"id":36938,"href":"https:\/\/www.sincomam.org.br\/index.php\/wp-json\/wp\/v2\/posts\/36934\/revisions\/36938"}],"wp:featuredmedia":[{"embeddable":true,"href":"https:\/\/www.sincomam.org.br\/index.php\/wp-json\/wp\/v2\/media\/36937"}],"wp:attachment":[{"href":"https:\/\/www.sincomam.org.br\/index.php\/wp-json\/wp\/v2\/media?parent=36934"}],"wp:term":[{"taxonomy":"category","embeddable":true,"href":"https:\/\/www.sincomam.org.br\/index.php\/wp-json\/wp\/v2\/categories?post=36934"},{"taxonomy":"post_tag","embeddable":true,"href":"https:\/\/www.sincomam.org.br\/index.php\/wp-json\/wp\/v2\/tags?post=36934"}],"curies":[{"name":"wp","href":"https:\/\/api.w.org\/{rel}","templated":true}]}}