{"id":36932,"date":"2021-12-16T08:30:03","date_gmt":"2021-12-16T11:30:03","guid":{"rendered":"http:\/\/www.sincomam.org.br\/?p=36932"},"modified":"2021-12-16T01:57:41","modified_gmt":"2021-12-16T04:57:41","slug":"anvisa-amplia-acoes-para-verificar-comprovacao-vacinal-em-fronteiras","status":"publish","type":"post","link":"https:\/\/www.sincomam.org.br\/index.php\/anvisa-amplia-acoes-para-verificar-comprovacao-vacinal-em-fronteiras\/","title":{"rendered":"Anvisa amplia a\u00e7\u00f5es para verificar comprova\u00e7\u00e3o vacinal em fronteiras"},"content":{"rendered":"<p>A Ag\u00eancia Nacional de Vigil\u00e2ncia Sanit\u00e1ria (Anvisa) e a Pol\u00edcia Federal iniciaram, nesta quarta, uma opera\u00e7\u00e3o conjunta visando ampliar as a\u00e7\u00f5es de verifica\u00e7\u00e3o do comprovante vacinal de pessoas que ingressam no Brasil pelas fronteiras terrestres com a Argentina e o Paraguai.<img decoding=\"async\" src=\"https:\/\/agenciabrasil.ebc.com.br\/ebc.png?id=1432021&amp;o=node\" \/><img decoding=\"async\" src=\"https:\/\/agenciabrasil.ebc.com.br\/ebc.gif?id=1432021&amp;o=node\" \/><\/p>\n<p>Segundo a Anvisa, ser\u00e3o instaladas barreiras para controle de fluxo na Ponte da Amizade (que liga Foz do Igua\u00e7u com a Ciudad del Este, no Paraguai); e na Ponte Tancredo Neves (Ponte Internacional da Fraternidade, ligando Foz do Igua\u00e7u a Puerto Iguaz\u00fa, na Argentina).<\/p>\n<p>\u201cConforme decis\u00e3o cautelar do Supremo Tribunal Federal (STF), proferida pelo ministro Lu\u00eds Roberto Barroso, viajantes brasileiros ou estrangeiros que residem no Brasil e que deixem o territ\u00f3rio nacional a partir desta quarta-feira, 15 de dezembro, dever\u00e3o apresentar a comprova\u00e7\u00e3o de que est\u00e3o completamente imunizados para regressar ao territ\u00f3rio nacional\u201d, justifica, em nota, a Anvisa.<\/p>\n<p>Ela esclarece que o ciclo vacinal s\u00f3 \u00e9 considerado completo \u201cmediante a aplica\u00e7\u00e3o de duas doses ou dose \u00fanica de imunizante registrado pela Anvisa, pela Organiza\u00e7\u00e3o Mundial da Sa\u00fade (OMS) ou pela autoridade sanit\u00e1ria do pa\u00eds no qual o viajante foi imunizado, desde que cumprido o prazo posterior necess\u00e1rio para a imuniza\u00e7\u00e3o (em m\u00e9dia 14 dias para a maioria das vacinas dispon\u00edveis mundialmente)\u201d.<\/p>\n<h2>Fiscaliza\u00e7\u00e3o<\/h2>\n<p>Nesse sentido, a apresenta\u00e7\u00e3o do certificado de vacina\u00e7\u00e3o \u00e9 \u201crequisito migrat\u00f3rio\u201d e, portanto, configura-se como \u201cobjeto de fiscaliza\u00e7\u00e3o\u201d pelos diversos \u00f3rg\u00e3os que atuam nos pontos de entrada brasileiros.<\/p>\n<p>Ainda de acordo com a ag\u00eancia, est\u00e3o isentos da apresenta\u00e7\u00e3o do comprovante de vacina\u00e7\u00e3o os residentes fronteiri\u00e7os das chamadas \u201ccidades g\u00eameas\u201d \u2013 cidades cujos territ\u00f3rios fazem divisa com pa\u00edses vizinhos. Para tanto, \u00e9 necess\u00e1rio que esses residentes comprovem sua condi\u00e7\u00e3o apresentando algum comprovante de endere\u00e7o.<\/p>\n<p>Trabalhadores de transporte de cargas tamb\u00e9m est\u00e3o isentos de apresentar o comprovante de vacina\u00e7\u00e3o.<\/p>\n<p>&nbsp;<\/p>\n<p>Fonte: Ag\u00eancia Brasil<\/p>\n","protected":false},"excerpt":{"rendered":"<p>A Ag\u00eancia Nacional de Vigil\u00e2ncia Sanit\u00e1ria (Anvisa) e a Pol\u00edcia Federal iniciaram, nesta quarta, uma opera\u00e7\u00e3o conjunta visando ampliar as a\u00e7\u00f5es de verifica\u00e7\u00e3o do comprovante&#8230;<\/p>\n","protected":false},"author":1527,"featured_media":33383,"comment_status":"closed","ping_status":"closed","sticky":false,"template":"","format":"standard","meta":{"footnotes":""},"categories":[6],"tags":[],"class_list":["post-36932","post","type-post","status-publish","format-standard","has-post-thumbnail","hentry","category-noticias"],"_links":{"self":[{"href":"https:\/\/www.sincomam.org.br\/index.php\/wp-json\/wp\/v2\/posts\/36932","targetHints":{"allow":["GET"]}}],"collection":[{"href":"https:\/\/www.sincomam.org.br\/index.php\/wp-json\/wp\/v2\/posts"}],"about":[{"href":"https:\/\/www.sincomam.org.br\/index.php\/wp-json\/wp\/v2\/types\/post"}],"author":[{"embeddable":true,"href":"https:\/\/www.sincomam.org.br\/index.php\/wp-json\/wp\/v2\/users\/1527"}],"replies":[{"embeddable":true,"href":"https:\/\/www.sincomam.org.br\/index.php\/wp-json\/wp\/v2\/comments?post=36932"}],"version-history":[{"count":1,"href":"https:\/\/www.sincomam.org.br\/index.php\/wp-json\/wp\/v2\/posts\/36932\/revisions"}],"predecessor-version":[{"id":36933,"href":"https:\/\/www.sincomam.org.br\/index.php\/wp-json\/wp\/v2\/posts\/36932\/revisions\/36933"}],"wp:featuredmedia":[{"embeddable":true,"href":"https:\/\/www.sincomam.org.br\/index.php\/wp-json\/wp\/v2\/media\/33383"}],"wp:attachment":[{"href":"https:\/\/www.sincomam.org.br\/index.php\/wp-json\/wp\/v2\/media?parent=36932"}],"wp:term":[{"taxonomy":"category","embeddable":true,"href":"https:\/\/www.sincomam.org.br\/index.php\/wp-json\/wp\/v2\/categories?post=36932"},{"taxonomy":"post_tag","embeddable":true,"href":"https:\/\/www.sincomam.org.br\/index.php\/wp-json\/wp\/v2\/tags?post=36932"}],"curies":[{"name":"wp","href":"https:\/\/api.w.org\/{rel}","templated":true}]}}